{"id":4439,"date":"2021-03-22T21:04:15","date_gmt":"2021-03-23T00:04:15","guid":{"rendered":"http:\/\/novosaopaulo.com.br\/?p=4439"},"modified":"2021-03-22T21:04:15","modified_gmt":"2021-03-23T00:04:15","slug":"uso-abusivo-de-alcool-e-drogas-e-tema-de-campanha-digital-da-saude","status":"publish","type":"post","link":"https:\/\/novosaopaulo.com.br\/index.php\/2021\/03\/22\/uso-abusivo-de-alcool-e-drogas-e-tema-de-campanha-digital-da-saude\/","title":{"rendered":"Uso abusivo de \u00e1lcool e drogas \u00e9 tema de campanha digital da Sa\u00fade"},"content":{"rendered":"\n<p><em>Iniciativa oferece pela Internet apoio e dicas para cuidar da sa\u00fade mental e emocional em tempos de pandemia<\/em><\/p>\n\n\n\n<p>A Secretaria de Sa\u00fade de Suzano, por meio da Rede de Aten\u00e7\u00e3o Psicossocial (Raps), aborda um novo tema neste m\u00eas em sua campanha digital voltada para dicas de sa\u00fade mental e emocional. Trata-se do uso abusivo de \u00e1lcool e drogas em tempos de pandemia do novo coronav\u00edrus (Covid-19). Uma cartilha sobre o assunto est\u00e1 dispon\u00edvel no site oficial da Prefeitura de Suzano (<a href=\"http:\/\/bit.ly\/SaudeMentalSuzano\" target=\"_blank\" rel=\"noreferrer noopener\">http:\/\/bit.ly\/ SaudeMentalSuzano<\/a>) e nas m\u00eddias sociais.<\/p>\n\n\n\n<p>O projeto foi criado com o objetivo de garantir informa\u00e7\u00e3o e mais qualidade de vida \u00e0 popula\u00e7\u00e3o. Teve in\u00edcio em fevereiro, quando foi abordado o luto na pandemia da Covid-19. A proposta \u00e9 que a cada m\u00eas sejam discutidos temas diferentes relacionados \u00e0 sa\u00fade mental e emocional. A campanha digital discute diversos t\u00f3picos do assunto atual, como os motivos que levam as pessoas a usarem drogas e bebidas alco\u00f3licas e como o seu consumo \u00e9 socialmente aceito e estimulado por quest\u00f5es culturais.<\/p>\n\n\n\n<p>O material tamb\u00e9m aborda sobre a depend\u00eancia e os riscos n\u00e3o s\u00f3 para a sa\u00fade e o bem-estar de quem utiliza, mas tamb\u00e9m para as pessoas ao redor. O Sistema \u00danico de Sa\u00fade (SUS) oferece atendimento especializado e gratuito para esta situa\u00e7\u00e3o. O Centro de Aten\u00e7\u00e3o Psicossocial (Caps) realiza o tratamento de redu\u00e7\u00e3o de danos para a maioria dos casos, uma estrat\u00e9gia que visa minimizar as consequ\u00eancias do consumo de drogas e \u00e1lcool levando em conta os aspectos f\u00edsicos, sociais, familiares e psicol\u00f3gicos do indiv\u00edduo, sem a obrigatoriedade de abstin\u00eancia ou interna\u00e7\u00e3o. As entidades da rede p\u00fablica de sa\u00fade tamb\u00e9m oferecem apoio para familiares de pessoas nestas condi\u00e7\u00f5es, independentemente de sua ades\u00e3o.<\/p>\n\n\n\n<p>Segundo a coordenadora de Sa\u00fade Mental do munic\u00edpio, a psic\u00f3loga Dulce Ramos, a crise sanit\u00e1ria ocasionada pelo novo coronav\u00edrus afetou diversos setores da sociedade, o que teve impacto direto no aumento de quadros psicopatol\u00f3gicos, como ansiedade e depress\u00e3o, durante este per\u00edodo de incertezas. Dulce ainda ressaltou a import\u00e2ncia de informa\u00e7\u00f5es corretas e acess\u00edveis para a popula\u00e7\u00e3o, o que ela considera o melhor caminho para ajudar todos aqueles que precisam e para desconstruir o estigma relacionado \u00e0 sa\u00fade mental.<\/p>\n\n\n\n<p>Aos suzanenses que t\u00eam enfrentado problemas com o uso abusivo de \u00e1lcool e outras drogas ou t\u00eam algum familiar nesta situa\u00e7\u00e3o, os psic\u00f3logos do Raps prestam atendimento gratuito em todos os postos de sa\u00fade do munic\u00edpio, que est\u00e3o de portas abertas para orienta\u00e7\u00e3o e tratamento. J\u00e1 as pessoas dos grupos de risco da Covid-19 podem obter orienta\u00e7\u00e3o e apoio ligando para o Caps que trata sobre o assunto na cidade, pelo telefone (11) 4745-0563.<\/p>\n\n\n\n<p>Cr\u00e9dito das fotos: Wanderley Costa\/Secop Suzano<\/p>\n","protected":false},"excerpt":{"rendered":"<div class=\"mh-excerpt\"><p>Iniciativa oferece pela Internet apoio e dicas para cuidar da sa\u00fade mental e emocional em tempos de pandemia<\/p>\n<\/div>","protected":false},"author":1,"featured_media":4440,"comment_status":"open","ping_status":"open","sticky":false,"template":"","format":"standard","meta":{"footnotes":""},"categories":[2],"tags":[],"class_list":["post-4439","post","type-post","status-publish","format-standard","has-post-thumbnail","hentry","category-geral"],"_links":{"self":[{"href":"https:\/\/novosaopaulo.com.br\/index.php\/wp-json\/wp\/v2\/posts\/4439"}],"collection":[{"href":"https:\/\/novosaopaulo.com.br\/index.php\/wp-json\/wp\/v2\/posts"}],"about":[{"href":"https:\/\/novosaopaulo.com.br\/index.php\/wp-json\/wp\/v2\/types\/post"}],"author":[{"embeddable":true,"href":"https:\/\/novosaopaulo.com.br\/index.php\/wp-json\/wp\/v2\/users\/1"}],"replies":[{"embeddable":true,"href":"https:\/\/novosaopaulo.com.br\/index.php\/wp-json\/wp\/v2\/comments?post=4439"}],"version-history":[{"count":1,"href":"https:\/\/novosaopaulo.com.br\/index.php\/wp-json\/wp\/v2\/posts\/4439\/revisions"}],"predecessor-version":[{"id":4441,"href":"https:\/\/novosaopaulo.com.br\/index.php\/wp-json\/wp\/v2\/posts\/4439\/revisions\/4441"}],"wp:featuredmedia":[{"embeddable":true,"href":"https:\/\/novosaopaulo.com.br\/index.php\/wp-json\/wp\/v2\/media\/4440"}],"wp:attachment":[{"href":"https:\/\/novosaopaulo.com.br\/index.php\/wp-json\/wp\/v2\/media?parent=4439"}],"wp:term":[{"taxonomy":"category","embeddable":true,"href":"https:\/\/novosaopaulo.com.br\/index.php\/wp-json\/wp\/v2\/categories?post=4439"},{"taxonomy":"post_tag","embeddable":true,"href":"https:\/\/novosaopaulo.com.br\/index.php\/wp-json\/wp\/v2\/tags?post=4439"}],"curies":[{"name":"wp","href":"https:\/\/api.w.org\/{rel}","templated":true}]}}