{"id":4430,"date":"2021-03-20T09:57:57","date_gmt":"2021-03-20T12:57:57","guid":{"rendered":"http:\/\/novosaopaulo.com.br\/?p=4430"},"modified":"2021-03-20T09:57:57","modified_gmt":"2021-03-20T12:57:57","slug":"deputado-andre-do-prado-e-eleito-2o-vice-presidente-da-alesp","status":"publish","type":"post","link":"https:\/\/novosaopaulo.com.br\/index.php\/2021\/03\/20\/deputado-andre-do-prado-e-eleito-2o-vice-presidente-da-alesp\/","title":{"rendered":"Deputado Andr\u00e9 do Prado \u00e9 eleito 2\u00ba vice-presidente da Alesp"},"content":{"rendered":"\n<p><em>L\u00edder da bancada do PL, parlamentar foi escolhido por seus pares para compor a Mesa Diretora da Casa neste bi\u00eanio<\/em><\/p>\n\n\n\n<p>Ap\u00f3s vota\u00e7\u00e3o nominal ocorrida nesta segunda-feira, 15, o deputado estadual Andr\u00e9 do Prado foi eleito 2\u00ba vice-presidente da Assembleia Legislativa para o segundo bi\u00eanio da 19\u00aa Legislatura (2019-2023).<\/p>\n\n\n\n<p>O processo de escolha teve in\u00edcio com o cargo majorit\u00e1rio, para o qual Carl\u00e3o Pignatari (PSDB) foi eleito com 65 votos. Ao proclamar o resultado, o deputado Cau\u00ea Macris (PSDB) cedeu a condu\u00e7\u00e3o dos trabalhos para o novo presidente.<\/p>\n\n\n\n<p>Em seu discurso, Andr\u00e9 do Prado agradeceu pela confian\u00e7a nele depositada, prometendo exercer o cargo com transpar\u00eancia. \u201cEssa assembleia continuar\u00e1 a propor, debater e aperfei\u00e7oar leis, contribuindo para melhorar a vida dos cidad\u00e3os do Estado de S\u00e3o Paulo, respeitando a Constitui\u00e7\u00e3o e o Regimento, sempre em tom republicano&#8221;, disse o 2\u00ba vice-presidente eleito.<\/p>\n\n\n\n<p>O l\u00edder da bancada do Partido Liberal (PL) encerrou sua fala prometendo exercer a nova fun\u00e7\u00e3o com esp\u00edrito p\u00fablico e muito trabalho, guiado por um forte senso de justi\u00e7a e igualdade social, aproximando a Assembleia Legislativa das pessoas, de forma a responder agilmente aos anseios da sociedade. \u201cNosso principal objetivo \u00e9 corresponder \u00e0s expectativas da popula\u00e7\u00e3o e manter a uni\u00e3o da Casa para enfrentar os grandes desafios que teremos pela frente\u201d, afirmou.<\/p>\n\n\n\n<p><strong>Biografia<\/strong><\/p>\n\n\n\n<p>O deputado estadual Andr\u00e9 do Prado teve de lutar muito para ajudar a fam\u00edlia e formar-se em an\u00e1lise de sistemas, tendo trabalhado como feirante e professor.<\/p>\n\n\n\n<p>Em 1992, com apenas 23 anos, foi eleito vereador em Guararema, cidade onde nasceu e cresceu.<\/p>\n\n\n\n<p>Em 1996, foi reeleito e assumiu a presid\u00eancia da C\u00e2mara Municipal. Em 2000, foi o vice-prefeito na chapa formada com a ex-prefeita Concei\u00e7\u00e3o.<\/p>\n\n\n\n<p>Durante aquele mandato, acumulou a fun\u00e7\u00e3o de secret\u00e1rio da Sa\u00fade. Quatro anos depois, convidado a lan\u00e7ar candidatura pr\u00f3pria, tornou-se o mais jovem prefeito a ser eleito na hist\u00f3ria da cidade.<\/p>\n\n\n\n<p>Uma de suas principais conquistas foi a Escola Profissionalizante Municipal, que atende milhares de alunos. Na \u00e1rea da sa\u00fade, construiu o Centro de Especialidades de Sa\u00fade e Apoio \u00e0 Popula\u00e7\u00e3o (Cesap), que presta servi\u00e7os de qualidade, com atendimento especializado e realiza\u00e7\u00e3o de exames. Terminou seu mandato com mais de 90% de aceita\u00e7\u00e3o popular.<\/p>\n\n\n\n<p>Em 2009, o Partido Liberal (PL) convidou-o para ser presidente estadual de seu Conselho Pol\u00edtico, tendo a miss\u00e3o de reestruturar as bases partid\u00e1rias no estado e articular candidatura a deputado estadual.<\/p>\n\n\n\n<p>Elegeu-se como \u00fanico representante liberal do pleito de 2010, com 86.346 votos, distribu\u00eddos em 386 munic\u00edpios. Dobrou sua vota\u00e7\u00e3o em 2014, recebendo a confian\u00e7a de 164.589 eleitores e manteve bons n\u00fameros em 2018, obtendo 123.313 votos para exercer a 19\u00aa Legislatura.<\/p>\n\n\n\n<p>Tem como base eleitoral a Grande S\u00e3o Paulo, o Vale do Para\u00edba e o Vale do Ribeira.<\/p>\n","protected":false},"excerpt":{"rendered":"<div class=\"mh-excerpt\"><p>L\u00edder da bancada do PL, parlamentar foi escolhido por seus pares para compor a Mesa Diretora da Casa neste bi\u00eanio Ap\u00f3s vota\u00e7\u00e3o nominal ocorrida nesta <a class=\"mh-excerpt-more\" href=\"https:\/\/novosaopaulo.com.br\/index.php\/2021\/03\/20\/deputado-andre-do-prado-e-eleito-2o-vice-presidente-da-alesp\/\" title=\"Deputado Andr\u00e9 do Prado \u00e9 eleito 2\u00ba vice-presidente da Alesp\">[&#8230;]<\/a><\/p>\n<\/div>","protected":false},"author":1,"featured_media":4431,"comment_status":"open","ping_status":"open","sticky":false,"template":"","format":"standard","meta":{"footnotes":""},"categories":[2],"tags":[],"class_list":["post-4430","post","type-post","status-publish","format-standard","has-post-thumbnail","hentry","category-geral"],"_links":{"self":[{"href":"https:\/\/novosaopaulo.com.br\/index.php\/wp-json\/wp\/v2\/posts\/4430"}],"collection":[{"href":"https:\/\/novosaopaulo.com.br\/index.php\/wp-json\/wp\/v2\/posts"}],"about":[{"href":"https:\/\/novosaopaulo.com.br\/index.php\/wp-json\/wp\/v2\/types\/post"}],"author":[{"embeddable":true,"href":"https:\/\/novosaopaulo.com.br\/index.php\/wp-json\/wp\/v2\/users\/1"}],"replies":[{"embeddable":true,"href":"https:\/\/novosaopaulo.com.br\/index.php\/wp-json\/wp\/v2\/comments?post=4430"}],"version-history":[{"count":1,"href":"https:\/\/novosaopaulo.com.br\/index.php\/wp-json\/wp\/v2\/posts\/4430\/revisions"}],"predecessor-version":[{"id":4432,"href":"https:\/\/novosaopaulo.com.br\/index.php\/wp-json\/wp\/v2\/posts\/4430\/revisions\/4432"}],"wp:featuredmedia":[{"embeddable":true,"href":"https:\/\/novosaopaulo.com.br\/index.php\/wp-json\/wp\/v2\/media\/4431"}],"wp:attachment":[{"href":"https:\/\/novosaopaulo.com.br\/index.php\/wp-json\/wp\/v2\/media?parent=4430"}],"wp:term":[{"taxonomy":"category","embeddable":true,"href":"https:\/\/novosaopaulo.com.br\/index.php\/wp-json\/wp\/v2\/categories?post=4430"},{"taxonomy":"post_tag","embeddable":true,"href":"https:\/\/novosaopaulo.com.br\/index.php\/wp-json\/wp\/v2\/tags?post=4430"}],"curies":[{"name":"wp","href":"https:\/\/api.w.org\/{rel}","templated":true}]}}