{"id":4427,"date":"2021-03-20T09:55:48","date_gmt":"2021-03-20T12:55:48","guid":{"rendered":"http:\/\/novosaopaulo.com.br\/?p=4427"},"modified":"2021-03-20T09:55:48","modified_gmt":"2021-03-20T12:55:48","slug":"saspe-e-sebrae-inscrevem-para-o-curso-aprenda-a-vender-melhor-no-e-commerce","status":"publish","type":"post","link":"https:\/\/novosaopaulo.com.br\/index.php\/2021\/03\/20\/saspe-e-sebrae-inscrevem-para-o-curso-aprenda-a-vender-melhor-no-e-commerce\/","title":{"rendered":"Saspe e Sebrae inscrevem para o curso \u2018Aprenda a vender melhor no E-commerce\u2019"},"content":{"rendered":"\n<p><em>Aulas on-line ser\u00e3o voltadas para empreendedores da cidade; inscri\u00e7\u00f5es v\u00e3o at\u00e9 o dia 25 de mar\u00e7o (quinta-feira)<\/em><\/p>\n\n\n\n<p>O Servi\u00e7o de A\u00e7\u00e3o Social e Projetos Especiais (Saspe) e o Servi\u00e7o Brasileiro de Apoio \u00e0s Micro e Pequenas Empresas (Sebrae) est\u00e3o com inscri\u00e7\u00f5es abertas para o curso gratuito \u201cAprenda a vender melhor no E-commerce\u201d. S\u00e3o 60 vagas voltadas para empreendedores da cidade. Os cadastros podem ser feitos at\u00e9 o dia 25 de mar\u00e7o (quinta-feira) por meio de formul\u00e1rios on-line para turmas da manh\u00e3 (<a href=\"http:\/\/bit.ly\/SaspeE-commerceDia\" target=\"_blank\" rel=\"noreferrer noopener\">http:\/\/bit.ly\/SaspeE-commerceDia<\/a>) e da noite (<a href=\"http:\/\/bit.ly\/SaspeE-commerceNoite\" target=\"_blank\" rel=\"noreferrer noopener\">http:\/\/bit.ly\/SaspeE-commerceNoite<\/a>).<\/p>\n\n\n\n<p>No ato da inscri\u00e7\u00e3o, o interessado dever\u00e1 informar seu nome completo, CPF, CNPJ se houver, endere\u00e7o com n\u00famero da resid\u00eancia, telefone, celular e e-mail. O link da aula ser\u00e1 enviado ap\u00f3s o cadastro. Os participantes ser\u00e3o divididos em duas turmas com 30 alunos, uma de manh\u00e3 e outra \u00e0 noite. Ser\u00e3o cinco aulas on-line, ministradas ao longo de duas semanas por meio da plataforma Microsoft Teams.<\/p>\n\n\n\n<p>Para o per\u00edodo noturno, a capacita\u00e7\u00e3o j\u00e1 come\u00e7a em 5 de abril (segunda-feira) e segue com aulas nos dias 7, 12, 14 e 15, das 18 \u00e0s 22 horas. J\u00e1 os participantes do per\u00edodo matutino far\u00e3o das 9 \u00e0s 13 horas, nos dias 20, 22, 27, 29 e 30 do mesmo m\u00eas.<\/p>\n\n\n\n<p>O curso tem como objetivo apresentar elementos atualizados sobre como se processa a venda feita por meios eletr\u00f4nicos, de forma a capacitar os empreendedores da cidade a comercializarem seus produtos e servi\u00e7os na Internet e, por consequ\u00eancia, possibilitar que possam manter seus neg\u00f3cios ativos durante a pandemia do novo coronav\u00edrus (Covid-19) em novo formato.<\/p>\n\n\n\n<p>A dirigente do Saspe e primeira-dama de Suzano, Larissa Ashiuchi, lembrou que a oportunidade \u00e9 totalmente gratuita e dispon\u00edvel para todos os suzanenses, seja para quem j\u00e1 tem seu neg\u00f3cio consolidado ou para as pessoas que desejam empreender ou migrar seus servi\u00e7os para o meio virtual.<\/p>\n\n\n\n<p>\u201cA demanda por compras on-line tem crescido muito nos \u00faltimos anos, portanto os empreendedores precisam estar preparados para adaptar seus neg\u00f3cios e atender o consumidor, que est\u00e1 cada vez mais diversificado e exigente\u201d, afirmou.<\/p>\n\n\n\n<p>Cr\u00e9dito das fotos: Wanderley Costa\/Secop Suzano<\/p>\n","protected":false},"excerpt":{"rendered":"<div class=\"mh-excerpt\"><p>Aulas on-line ser\u00e3o voltadas para empreendedores da cidade; inscri\u00e7\u00f5es v\u00e3o at\u00e9 o dia 25 de mar\u00e7o (quinta-feira)<\/p>\n<\/div>","protected":false},"author":1,"featured_media":4428,"comment_status":"open","ping_status":"open","sticky":false,"template":"","format":"standard","meta":{"footnotes":""},"categories":[2],"tags":[],"class_list":["post-4427","post","type-post","status-publish","format-standard","has-post-thumbnail","hentry","category-geral"],"_links":{"self":[{"href":"https:\/\/novosaopaulo.com.br\/index.php\/wp-json\/wp\/v2\/posts\/4427"}],"collection":[{"href":"https:\/\/novosaopaulo.com.br\/index.php\/wp-json\/wp\/v2\/posts"}],"about":[{"href":"https:\/\/novosaopaulo.com.br\/index.php\/wp-json\/wp\/v2\/types\/post"}],"author":[{"embeddable":true,"href":"https:\/\/novosaopaulo.com.br\/index.php\/wp-json\/wp\/v2\/users\/1"}],"replies":[{"embeddable":true,"href":"https:\/\/novosaopaulo.com.br\/index.php\/wp-json\/wp\/v2\/comments?post=4427"}],"version-history":[{"count":1,"href":"https:\/\/novosaopaulo.com.br\/index.php\/wp-json\/wp\/v2\/posts\/4427\/revisions"}],"predecessor-version":[{"id":4429,"href":"https:\/\/novosaopaulo.com.br\/index.php\/wp-json\/wp\/v2\/posts\/4427\/revisions\/4429"}],"wp:featuredmedia":[{"embeddable":true,"href":"https:\/\/novosaopaulo.com.br\/index.php\/wp-json\/wp\/v2\/media\/4428"}],"wp:attachment":[{"href":"https:\/\/novosaopaulo.com.br\/index.php\/wp-json\/wp\/v2\/media?parent=4427"}],"wp:term":[{"taxonomy":"category","embeddable":true,"href":"https:\/\/novosaopaulo.com.br\/index.php\/wp-json\/wp\/v2\/categories?post=4427"},{"taxonomy":"post_tag","embeddable":true,"href":"https:\/\/novosaopaulo.com.br\/index.php\/wp-json\/wp\/v2\/tags?post=4427"}],"curies":[{"name":"wp","href":"https:\/\/api.w.org\/{rel}","templated":true}]}}