{"id":4404,"date":"2021-03-18T21:53:51","date_gmt":"2021-03-19T00:53:51","guid":{"rendered":"http:\/\/novosaopaulo.com.br\/?p=4404"},"modified":"2021-03-18T21:54:04","modified_gmt":"2021-03-19T00:54:04","slug":"itaquaquecetuba-decreta-estado-de-calamidade-publica-na-saude","status":"publish","type":"post","link":"https:\/\/novosaopaulo.com.br\/index.php\/2021\/03\/18\/itaquaquecetuba-decreta-estado-de-calamidade-publica-na-saude\/","title":{"rendered":"Itaquaquecetuba decreta estado de calamidade p\u00fablica na sa\u00fade"},"content":{"rendered":"\n<p>O prefeito de Itaquaquecetuba, Eduardo Boigues, assinou nesta ter\u00e7a-feira, dia 16, o Decreto 7.927, que coloca o munic\u00edpio em Estado de Calamidade P\u00fablica na \u00e1rea da sa\u00fade. A medida foi adotada em raz\u00e3o da atual situa\u00e7\u00e3o da pandemia e crise causada pelo novo Coronav\u00edrus.<\/p>\n\n\n\n<p>Em meio ao avan\u00e7o da Covid-19 e a atual situa\u00e7\u00e3o m\u00e9dica-hospitalar, o Decreto rec\u00e9m-criado \u00e9 aplicado no munic\u00edpio de Itaquaquecetuba e por conseq\u00fc\u00eancia, todas as despesas geradas ser\u00e3o supridas com verbas do pr\u00f3prio or\u00e7amento, ou em casos de necessidade, ser\u00e3o suplementadas.<\/p>\n\n\n\n<p>Com o n\u00famero de interna\u00e7\u00f5es crescentes, a popula\u00e7\u00e3o deve seguir \u00e0 risca todas as orienta\u00e7\u00f5es adotadas para o Plano S\u00e3o Paulo, a fim de reduzir o n\u00famero de contaminados, desafogando desta maneira, as unidades de sa\u00fade dispostas para o atendimento exclusivo ao novo Coronav\u00edrus.<\/p>\n\n\n\n<p>Para dar mais seguran\u00e7a e estrutura aos mun\u00edcipes, a Prefeitura de Itaquaquecetuba inaugurou a Central da Covid, no dia 25 de fevereiro. S\u00e3o 17 leitos, tr\u00eas de estabiliza\u00e7\u00e3o, dois de isolamento e 12 de enfermaria. H\u00e1 ainda, o tom\u00f3grafo computadorizado que pode ser utilizado para saber o grau de comprometimento pulmonar, causado pelo v\u00edrus. Os pacientes contam tamb\u00e9m, com sala de emerg\u00eancia, medica\u00e7\u00e3o, farm\u00e1cia e dois consult\u00f3rios com equipamentos de inform\u00e1tica.<\/p>\n\n\n\n<p>A Prefeitura est\u00e1 buscando cada vez mais, trazer melhorias para a cidade, a fim de oferecer melhores condi\u00e7\u00f5es de sa\u00fade, mas o papel da popula\u00e7\u00e3o nesta luta contra a Covid-19 \u00e9 t\u00e3o importante quanto as in\u00fameras a\u00e7\u00f5es da Administra\u00e7\u00e3o Municipal.<\/p>\n\n\n\n<p>Nesta ter\u00e7a-feira (16), havia na cidade 2.335 casos suspeitos de contaminados, destes, est\u00e3o confirmados 8.260, al\u00e9m de 454 \u00f3bitos confirmados, causados pelo Coronav\u00edrus.<\/p>\n\n\n\n<p>Diante destes n\u00fameros, o prefeito Eduardo Boigues reitera a necessidade da a\u00e7\u00e3o conjunta entre Poder P\u00fablico, popula\u00e7\u00e3o e o com\u00e9rcio em geral. \u201cOs n\u00fameros n\u00e3o param de crescer e n\u00f3s precisamos fazer alguma coisa, n\u00e3o temos leitos para todos os doentes em v\u00e1rias cidades e isso pode acontecer a qualquer momento em nossa cidade. Infelizmente temos que tomar estas medidas, sei o quanto o com\u00e9rcio \u00e9 prejudicado, mas n\u00e3o podemos correr o risco de nosso sistema de sa\u00fade entrar em colapso, sen\u00e3o, as pessoas n\u00e3o v\u00e3o morrer somente por Coronav\u00edrus, mas por todas as outras doen\u00e7as\u201d, enfatiza Boigues.<\/p>\n\n\n\n<p>Para a redu\u00e7\u00e3o do n\u00famero de pessoas circulando nas ruas da cidade e o perfeito cumprimento deste Decreto, com o apoio do departamento de Fiscaliza\u00e7\u00e3o e Posturas, a Guarda Civil Municipal (GCM) atuar\u00e1 para coibir o descumprimento das medidas aplicadas.<\/p>\n\n\n\n<p>A multa para estabelecimento que esteja funcionando de forma irregular, segundo as orienta\u00e7\u00f5es referentes ao enfrentamento do novo Coronav\u00edrus pode variar entre R$369,42 at\u00e9 R$ 5.449,50.<\/p>\n","protected":false},"excerpt":{"rendered":"<div class=\"mh-excerpt\"><p>O prefeito de Itaquaquecetuba, Eduardo Boigues, assinou nesta ter\u00e7a-feira, dia 16, o Decreto 7.927, que coloca o munic\u00edpio em Estado de Calamidade P\u00fablica na \u00e1rea <a class=\"mh-excerpt-more\" href=\"https:\/\/novosaopaulo.com.br\/index.php\/2021\/03\/18\/itaquaquecetuba-decreta-estado-de-calamidade-publica-na-saude\/\" title=\"Itaquaquecetuba decreta estado de calamidade p\u00fablica na sa\u00fade\">[&#8230;]<\/a><\/p>\n<\/div>","protected":false},"author":1,"featured_media":4405,"comment_status":"open","ping_status":"open","sticky":false,"template":"","format":"standard","meta":{"footnotes":""},"categories":[2],"tags":[25,154],"class_list":["post-4404","post","type-post","status-publish","format-standard","has-post-thumbnail","hentry","category-geral","tag-capa","tag-itaqua"],"_links":{"self":[{"href":"https:\/\/novosaopaulo.com.br\/index.php\/wp-json\/wp\/v2\/posts\/4404"}],"collection":[{"href":"https:\/\/novosaopaulo.com.br\/index.php\/wp-json\/wp\/v2\/posts"}],"about":[{"href":"https:\/\/novosaopaulo.com.br\/index.php\/wp-json\/wp\/v2\/types\/post"}],"author":[{"embeddable":true,"href":"https:\/\/novosaopaulo.com.br\/index.php\/wp-json\/wp\/v2\/users\/1"}],"replies":[{"embeddable":true,"href":"https:\/\/novosaopaulo.com.br\/index.php\/wp-json\/wp\/v2\/comments?post=4404"}],"version-history":[{"count":1,"href":"https:\/\/novosaopaulo.com.br\/index.php\/wp-json\/wp\/v2\/posts\/4404\/revisions"}],"predecessor-version":[{"id":4406,"href":"https:\/\/novosaopaulo.com.br\/index.php\/wp-json\/wp\/v2\/posts\/4404\/revisions\/4406"}],"wp:featuredmedia":[{"embeddable":true,"href":"https:\/\/novosaopaulo.com.br\/index.php\/wp-json\/wp\/v2\/media\/4405"}],"wp:attachment":[{"href":"https:\/\/novosaopaulo.com.br\/index.php\/wp-json\/wp\/v2\/media?parent=4404"}],"wp:term":[{"taxonomy":"category","embeddable":true,"href":"https:\/\/novosaopaulo.com.br\/index.php\/wp-json\/wp\/v2\/categories?post=4404"},{"taxonomy":"post_tag","embeddable":true,"href":"https:\/\/novosaopaulo.com.br\/index.php\/wp-json\/wp\/v2\/tags?post=4404"}],"curies":[{"name":"wp","href":"https:\/\/api.w.org\/{rel}","templated":true}]}}