{"id":4392,"date":"2021-03-18T21:46:12","date_gmt":"2021-03-19T00:46:12","guid":{"rendered":"http:\/\/novosaopaulo.com.br\/?p=4392"},"modified":"2021-03-18T21:46:12","modified_gmt":"2021-03-19T00:46:12","slug":"suzano-adere-a-consorcio-para-compra-de-vacinas-contra-a-covid-19","status":"publish","type":"post","link":"https:\/\/novosaopaulo.com.br\/index.php\/2021\/03\/18\/suzano-adere-a-consorcio-para-compra-de-vacinas-contra-a-covid-19\/","title":{"rendered":"Suzano adere a cons\u00f3rcio para compra de vacinas contra a Covid-19"},"content":{"rendered":"\n<p><em>Objetivo \u00e9 adquirir mais doses e complementar o plano de imuniza\u00e7\u00e3o<\/em><\/p>\n\n\n\n<p>O munic\u00edpio de Suzano aderiu ao Cons\u00f3rcio Nacional de Vacinas das Cidades Brasileiras (Conectar) nesta quinta-feira (18\/03), ap\u00f3s a delibera\u00e7\u00e3o da C\u00e2mara de Vereadores sobre o projeto de lei que autoriza o Executivo municipal a participar da iniciativa, que visa a aquisi\u00e7\u00e3o de vacinas contra o novo coronav\u00edrus (Covid-19). Na pr\u00f3xima segunda-feira (22\/03), a Frente Nacional de Prefeitos (FNP) dever\u00e1 realizar uma assembleia de instala\u00e7\u00e3o do cons\u00f3rcio.&nbsp;<\/p>\n\n\n\n<p>O projeto de lei apresentado ao Legislativo municipal pelo prefeito de Suzano, Rodrigo Ashiuchi, foi aprovado por unanimidade na sess\u00e3o ordin\u00e1ria da \u00faltima quarta-feira (17\/03). O documento ratifica o protocolo de inten\u00e7\u00f5es firmado entre munic\u00edpios brasileiros com a finalidade de adquirir vacinas, medicamentos, equipamentos e outros insumos de suporte \u00e0 Sa\u00fade no combate \u00e0 pandemia.<\/p>\n\n\n\n<p>Antes da aprova\u00e7\u00e3o, Ashiuchi se reuniu virtualmente com parlamentares municipais para discutir o projeto protocolado em regime de urg\u00eancia. O encontro, que tamb\u00e9m contou com a presen\u00e7a dos secret\u00e1rios de Sa\u00fade, Pedro Ishi, e de Governo, Alex Santos, sanou d\u00favidas e esclareceu pontos importantes sobre a ades\u00e3o ao cons\u00f3rcio.<\/p>\n\n\n\n<p>\u201cAo participar da iniciativa, Suzano contribui pela amplia\u00e7\u00e3o da cobertura vacinal. Isso significa que, al\u00e9m do Plano Nacional de Imuniza\u00e7\u00e3o (PNI), ser\u00e1 poss\u00edvel complementar o combate \u00e0 Covid-19 com a aquisi\u00e7\u00e3o de doses pelo cons\u00f3rcio. Nosso objetivo \u00e9 fazer com que a vacina chegue ao maior n\u00famero de pessoas. Atualmente existem diferentes tipos de imunizantes seguros sendo aplicados no mundo, mas dispomos apenas da CoronaVac e da Oxford\/AstraZeneca, que aos poucos chegam \u00e0s cidades. Precisamos acelerar a vacina\u00e7\u00e3o\u201d, afirmou Ashiuchi.<\/p>\n\n\n\n<p>O prefeito, que tamb\u00e9m \u00e9 presidente do Cons\u00f3rcio de Desenvolvimento dos Munic\u00edpios do Alto Tiet\u00ea (Condemat), tem apresentado solicita\u00e7\u00f5es junto aos munic\u00edpios vizinhos para a compra de mais imunizantes, tendo encaminhado solicita\u00e7\u00f5es ao Instituto Butantan, para a CoronaVac; \u00e0 Fiocruz, para a vacina Oxford\/AstraZeneca; ao Grupo Uni\u00e3o Qu\u00edmica, para aquisi\u00e7\u00e3o da Sputnik V; e para a fabricante Johnson &amp; Johnson no Brasil, para a vacina Janssen.&nbsp;<\/p>\n\n\n\n<p>Cr\u00e9ditos das fotos: Irineu Junior\/Secop Suzano, Paulo Pavione\/Secop Suzano e Wanderley Costa\/Secop Suzano<\/p>\n","protected":false},"excerpt":{"rendered":"<div class=\"mh-excerpt\"><p>Objetivo \u00e9 adquirir mais doses e complementar o plano de imuniza\u00e7\u00e3o<\/p>\n<\/div>","protected":false},"author":1,"featured_media":4393,"comment_status":"open","ping_status":"open","sticky":false,"template":"","format":"standard","meta":{"footnotes":""},"categories":[3],"tags":[27],"class_list":["post-4392","post","type-post","status-publish","format-standard","has-post-thumbnail","hentry","category-cidades","tag-suzano"],"_links":{"self":[{"href":"https:\/\/novosaopaulo.com.br\/index.php\/wp-json\/wp\/v2\/posts\/4392"}],"collection":[{"href":"https:\/\/novosaopaulo.com.br\/index.php\/wp-json\/wp\/v2\/posts"}],"about":[{"href":"https:\/\/novosaopaulo.com.br\/index.php\/wp-json\/wp\/v2\/types\/post"}],"author":[{"embeddable":true,"href":"https:\/\/novosaopaulo.com.br\/index.php\/wp-json\/wp\/v2\/users\/1"}],"replies":[{"embeddable":true,"href":"https:\/\/novosaopaulo.com.br\/index.php\/wp-json\/wp\/v2\/comments?post=4392"}],"version-history":[{"count":1,"href":"https:\/\/novosaopaulo.com.br\/index.php\/wp-json\/wp\/v2\/posts\/4392\/revisions"}],"predecessor-version":[{"id":4394,"href":"https:\/\/novosaopaulo.com.br\/index.php\/wp-json\/wp\/v2\/posts\/4392\/revisions\/4394"}],"wp:featuredmedia":[{"embeddable":true,"href":"https:\/\/novosaopaulo.com.br\/index.php\/wp-json\/wp\/v2\/media\/4393"}],"wp:attachment":[{"href":"https:\/\/novosaopaulo.com.br\/index.php\/wp-json\/wp\/v2\/media?parent=4392"}],"wp:term":[{"taxonomy":"category","embeddable":true,"href":"https:\/\/novosaopaulo.com.br\/index.php\/wp-json\/wp\/v2\/categories?post=4392"},{"taxonomy":"post_tag","embeddable":true,"href":"https:\/\/novosaopaulo.com.br\/index.php\/wp-json\/wp\/v2\/tags?post=4392"}],"curies":[{"name":"wp","href":"https:\/\/api.w.org\/{rel}","templated":true}]}}