{"id":4386,"date":"2021-03-18T21:42:23","date_gmt":"2021-03-19T00:42:23","guid":{"rendered":"http:\/\/novosaopaulo.com.br\/?p=4386"},"modified":"2021-03-18T21:42:23","modified_gmt":"2021-03-19T00:42:23","slug":"promotoras-legais-populares-iniciam-aulas-com-conteudo-exclusivo","status":"publish","type":"post","link":"https:\/\/novosaopaulo.com.br\/index.php\/2021\/03\/18\/promotoras-legais-populares-iniciam-aulas-com-conteudo-exclusivo\/","title":{"rendered":"Promotoras Legais Populares iniciam aulas com conte\u00fado exclusivo"},"content":{"rendered":"\n<p><em>V\u00eddeos podem ser acessados gratuitamente no canal \u2018TV Prefeitura de Suzano\u2019<\/em><\/p>\n\n\n\n<p>A Prefeitura de Suzano, por meio do Servi\u00e7o de A\u00e7\u00e3o Social e Projetos Especiais (Saspe), iniciou neste m\u00eas de mar\u00e7o a nona turma de Promotoras Legais Populares. O curso \u00e9 voltado \u00e0s mulheres, com foco no exerc\u00edcio da cidadania sob a perspectiva da igualdade de direitos. Neste ano, devido \u00e0 pandemia do novo coronav\u00edrus (Covid-19), o conte\u00fado exclusivo \u00e9 gravado e disponibilizado gratuitamente no canal \u201cTV Prefeitura de Suzano\u201d, no Youtube (<a href=\"http:\/\/www.youtube.com\/PrefeituraDeSuzanoOficial\" target=\"_blank\" rel=\"noreferrer noopener\">www.youtube.com\/PrefeituraDeSuzanoOficial<\/a>). &nbsp;&nbsp;<\/p>\n\n\n\n<p>O curso on-line recebeu mais de 300 inscri\u00e7\u00f5es de mulheres de diferentes regi\u00f5es do Pa\u00eds. Al\u00e9m das v\u00eddeo-aulas, as alunas contam com o suporte da coordena\u00e7\u00e3o por meio de um grupo em aplicativo de troca de mensagens e pelo e-mail&nbsp;<a href=\"mailto:plps2021.suzano@gmail.com\" target=\"_blank\" rel=\"noreferrer noopener\">plps2021.suzano@gmail.com<\/a>.<\/p>\n\n\n\n<p>A primeira aula foi ao ar em 8 de mar\u00e7o, no Dia Internacional da Mulher, e contou com a participa\u00e7\u00e3o da advogada Rosana Chiavassa, que apresentou o tema \u201cA Hist\u00f3ria do Feminismo no Brasil e no Mundo\u201d. A profissional tem longa carreira no Direito, sendo participante dos estudos para a Constituinte sobre a inser\u00e7\u00e3o da Igualdade de G\u00eanero, em 1987. Rosana tamb\u00e9m \u00e9 uma das fundadoras da Comiss\u00e3o da Mulher Advogada (OAB\/SP, 1987) e j\u00e1 atuou como conselheira federal em diferentes comiss\u00f5es.<\/p>\n\n\n\n<p>Na milit\u00e2ncia feminista, a advogada tem no curr\u00edculo centenas de palestras nas subse\u00e7\u00f5es do Estado sobre Direito \u00e0 Sa\u00fade, Inova\u00e7\u00e3o do C\u00f3digo Civil e Igualdade de G\u00eanero, sendo tamb\u00e9m a primeira e \u00fanica mulher candidata \u00e0 presid\u00eancia da OAB\/SP, em 2003. Al\u00e9m disso, a palestrante \u00e9 fundadora da Associa\u00e7\u00e3o das Advogadas Associadas e Estagi\u00e1rias do Estado de S\u00e3o Paulo (ASAS), tendo institu\u00eddo a campanha \u201cN\u00e3o Hesite, Apite!\u201d, voltada ao combate do ass\u00e9dio sexual. Atualmente, a iniciativa est\u00e1 presente em diferentes regi\u00f5es do Brasil, inclusive em Suzano, tendo sido destaque na Confer\u00eancia Mundial das Mulheres, da Organiza\u00e7\u00e3o das Na\u00e7\u00f5es Unidas (ONU), em 2015.<\/p>\n\n\n\n<p>J\u00e1 a segunda aula foi apresentada pela advogada Patr\u00edcia Braga, que explanou sobre o \u201cDireito Constitucional e as Mulheres\u201d. Patr\u00edcia \u00e9 mestre em pol\u00edticas p\u00fablicas, tendo forma\u00e7\u00e3o sobre o feminismo e gest\u00e3o p\u00fablica. A advogada ocupou a presid\u00eancia da Comiss\u00e3o da Mulher Advogada (OAB\/Suzano) e foi membro do Conselho Municipal dos Direitos das Mulheres, entre 2016 e 2018, traz no curr\u00edculo diferentes passagens por cursos e forma\u00e7\u00f5es complementares sobre viol\u00eancia dom\u00e9stica, direitos da fam\u00edlia, da crian\u00e7a e dos adolescentes, incluindo o tema investiga\u00e7\u00e3o de paternidade volunt\u00e1ria e for\u00e7ada.&nbsp;<\/p>\n\n\n\n<p>A profissional tamb\u00e9m marca presen\u00e7a em movimentos ligados aos direitos das mulheres, participando do grupo de estudo de g\u00eanero pela Comiss\u00e3o da Mulher da Advogada e a Comiss\u00e3o da Diversidade Sexual e de G\u00eanero (OAB\/Suzano) e outras a\u00e7\u00f5es, como a presta\u00e7\u00e3o de servi\u00e7os volunt\u00e1rios \u00e0s v\u00edtimas de Viol\u00eancia Dom\u00e9stica junto \u00e0 Delegacia da Mulher (DDM), desde 1999.&nbsp;<\/p>\n\n\n\n<p>\u201cA luta pela igualdade de direitos n\u00e3o pode parar, sobretudo neste per\u00edodo t\u00e3o dif\u00edcil de pandemia. Precisamos nos adequar e continuar com o trabalho de educa\u00e7\u00e3o popular, mesmo que \u00e0 dist\u00e2ncia. Refor\u00e7amos com as alunas a necessidade de se compartilhar o conhecimento, fazendo com que a informa\u00e7\u00e3o chegue a cada vez mais mulheres. Nossa miss\u00e3o \u00e9 construir uma sociedade melhor, combatendo o machismo, o racismo e toda forma de discrimina\u00e7\u00e3o\u201d, destacou a dirigente do Saspe, a primeira-dama Larissa Ashiuchi.<\/p>\n\n\n\n<p>As alunas seguir\u00e3o em aula at\u00e9 o m\u00eas de novembro, participando de pelo&nbsp;menos 32 alunas.&nbsp;Os v\u00eddeo-aulas s\u00e3o liberados semanalmente, sempre \u00e0s ter\u00e7as-feiras, entre 17 e 18 horas, no canal oficial do Poder Executivo municipal no Youtube: \u201cTV Prefeitura de Suzano\u201d.<\/p>\n\n\n\n<p>Cr\u00e9dito das fotos: Irineu Junior\/Secop Suzano<\/p>\n","protected":false},"excerpt":{"rendered":"<div class=\"mh-excerpt\"><p>V\u00eddeos podem ser acessados gratuitamente no canal \u2018TV Prefeitura de Suzano\u2019 A Prefeitura de Suzano, por meio do Servi\u00e7o de A\u00e7\u00e3o Social e Projetos Especiais <a class=\"mh-excerpt-more\" href=\"https:\/\/novosaopaulo.com.br\/index.php\/2021\/03\/18\/promotoras-legais-populares-iniciam-aulas-com-conteudo-exclusivo\/\" title=\"Promotoras Legais Populares iniciam aulas com conte\u00fado exclusivo\">[&#8230;]<\/a><\/p>\n<\/div>","protected":false},"author":1,"featured_media":4387,"comment_status":"open","ping_status":"open","sticky":false,"template":"","format":"standard","meta":{"footnotes":""},"categories":[2],"tags":[],"class_list":["post-4386","post","type-post","status-publish","format-standard","has-post-thumbnail","hentry","category-geral"],"_links":{"self":[{"href":"https:\/\/novosaopaulo.com.br\/index.php\/wp-json\/wp\/v2\/posts\/4386"}],"collection":[{"href":"https:\/\/novosaopaulo.com.br\/index.php\/wp-json\/wp\/v2\/posts"}],"about":[{"href":"https:\/\/novosaopaulo.com.br\/index.php\/wp-json\/wp\/v2\/types\/post"}],"author":[{"embeddable":true,"href":"https:\/\/novosaopaulo.com.br\/index.php\/wp-json\/wp\/v2\/users\/1"}],"replies":[{"embeddable":true,"href":"https:\/\/novosaopaulo.com.br\/index.php\/wp-json\/wp\/v2\/comments?post=4386"}],"version-history":[{"count":1,"href":"https:\/\/novosaopaulo.com.br\/index.php\/wp-json\/wp\/v2\/posts\/4386\/revisions"}],"predecessor-version":[{"id":4388,"href":"https:\/\/novosaopaulo.com.br\/index.php\/wp-json\/wp\/v2\/posts\/4386\/revisions\/4388"}],"wp:featuredmedia":[{"embeddable":true,"href":"https:\/\/novosaopaulo.com.br\/index.php\/wp-json\/wp\/v2\/media\/4387"}],"wp:attachment":[{"href":"https:\/\/novosaopaulo.com.br\/index.php\/wp-json\/wp\/v2\/media?parent=4386"}],"wp:term":[{"taxonomy":"category","embeddable":true,"href":"https:\/\/novosaopaulo.com.br\/index.php\/wp-json\/wp\/v2\/categories?post=4386"},{"taxonomy":"post_tag","embeddable":true,"href":"https:\/\/novosaopaulo.com.br\/index.php\/wp-json\/wp\/v2\/tags?post=4386"}],"curies":[{"name":"wp","href":"https:\/\/api.w.org\/{rel}","templated":true}]}}