{"id":4384,"date":"2021-03-17T15:42:40","date_gmt":"2021-03-17T18:42:40","guid":{"rendered":"http:\/\/novosaopaulo.com.br\/?p=4384"},"modified":"2021-03-17T15:42:49","modified_gmt":"2021-03-17T18:42:49","slug":"sp-antecipa-para-esta-sexta-a-vacinacao-de-idosos-entre-72-e-74-anos","status":"publish","type":"post","link":"https:\/\/novosaopaulo.com.br\/index.php\/2021\/03\/17\/sp-antecipa-para-esta-sexta-a-vacinacao-de-idosos-entre-72-e-74-anos\/","title":{"rendered":"SP antecipa para esta sexta a vacina\u00e7\u00e3o de idosos entre 72 e 74 anos"},"content":{"rendered":"\n<p>A partir desta sexta (19), mais 730 mil pessoas j\u00e1 poder\u00e3o receber a primeira dose da vacina contra Covid-19; estado j\u00e1 aplicou mais de 4,1 milh\u00f5es de doses<\/p>\n\n\n\n<p>O Governador Jo\u00e3o Doria anunciou nesta quarta-feira (17), a antecipa\u00e7\u00e3o, para esta sexta-feira (19), do in\u00edcio da vacina\u00e7\u00e3o contra COVID-19 para idosos com idade entre 72 e 74 anos. Dados do Plano Estadual de Imuniza\u00e7\u00e3o (PEI) indicam um total de novas 730 mil pessoas aptas a receberem a primeira dose no Estado de S\u00e3o Paulo.<\/p>\n\n\n\n<p>\u201cAntecipamos em tr\u00eas dias o in\u00edcio da vacina\u00e7\u00e3o para pessoas com 72, 73 e 74 anos em todo o Estado de S\u00e3o Paulo e, como sempre, recomendamos que tenham calma e prud\u00eancia. Evitem o ac\u00famulo em filas, utilizando o aplicativo vacinaj\u00e1, garantindo a fluidez e sem desconforto para estas pessoas. Tamb\u00e9m evitem a concentra\u00e7\u00e3o na sexta-feira pela manh\u00e3, pois os postos ficam abertos at\u00e9 as 17 horas\u201d, disse Doria.<\/p>\n\n\n\n<p>Nesta segunda-feira (15), o Governo do Estado tamb\u00e9m anunciou, para ainda no m\u00eas de mar\u00e7o, dia 29, o in\u00edcio da vacina\u00e7\u00e3o para pessoas de 70 e 71 anos, computando um total de 4,9 milh\u00f5es de pessoas com vacina\u00e7\u00e3o garantida, somando todos os p\u00fablicos j\u00e1 anunciados.<\/p>\n\n\n\n<p>A campanha ocorre com uma grande opera\u00e7\u00e3o log\u00edstica montada para a distribui\u00e7\u00e3o das vacinas dispon\u00edveis no pa\u00eds, com envio de remessas semanais pela Secretaria de Estado da Sa\u00fade para todas as regi\u00f5es do estado.<\/p>\n\n\n\n<p>Vacinas do Butantan<\/p>\n\n\n\n<p>Nesta quarta-feira (17), o Instituto Butantan liberou mais 2 milh\u00f5es de doses de vacina, totalizando, s\u00f3 nesta semana, a libera\u00e7\u00e3o de 5,3 milh\u00f5es de doses da vacina contra o coronav\u00edrus ao PNI (Programa Nacional de Imuniza\u00e7\u00f5es) do Minist\u00e9rio da Sa\u00fade.<\/p>\n\n\n\n<p>Somente em mar\u00e7o, o Butantan j\u00e1 disponibilizou 9,1 milh\u00f5es de vacinas em cinco remessas para a imuniza\u00e7\u00e3o contra o coronav\u00edrus em todo pa\u00eds. O quantitativo \u00e9 superior a todo o m\u00eas de fevereiro, quando foram entregues 4,85 milh\u00f5es de doses. At\u00e9 o final de abril, o n\u00famero de vacinas garantidas por S\u00e3o Paulo ao pa\u00eds somar\u00e1 46 milh\u00f5es. O Butantan ainda trabalha para entregar outras 54 milh\u00f5es de doses para vacina\u00e7\u00e3o dos brasileiros at\u00e9 30 de agosto, totalizando 100 milh\u00f5es de unidades.<\/p>\n\n\n\n<p>Pr\u00e9-cadastro no \u201cVacina J\u00e1\u201d<\/p>\n\n\n\n<p>O pr\u00e9-cadastro no site \u201cVacina J\u00e1\u201d (vacinaja.sp.gov.br) economiza 90% no tempo de atendimento para imuniza\u00e7\u00e3o: leva cerca de 1 a 3 minutos para quem preencheu o formul\u00e1rio. Presencialmente, em m\u00e9dia, a coleta de informa\u00e7\u00f5es leva cerca de 10 minutos. A ferramenta ajuda a agilizar o atendimento e a evitar aglomera\u00e7\u00f5es. N\u00e3o \u00e9 um agendamento e o uso n\u00e3o \u00e9 obrigat\u00f3rio para receber a vacina, mas utiliz\u00e1-la contribui para melhorar a din\u00e2mica dos servi\u00e7os e a rotina do pr\u00f3prio cidad\u00e3o. O pr\u00e9-cadastro pode ser feito por familiares de idosos ou de qualquer pessoa que participe dos p\u00fablicos previstos na campanha.<\/p>\n","protected":false},"excerpt":{"rendered":"<div class=\"mh-excerpt\"><p>A partir desta sexta (19), mais 730 mil pessoas j\u00e1 poder\u00e3o receber a primeira dose da vacina contra Covid-19; estado j\u00e1 aplicou mais de 4,1 <a class=\"mh-excerpt-more\" href=\"https:\/\/novosaopaulo.com.br\/index.php\/2021\/03\/17\/sp-antecipa-para-esta-sexta-a-vacinacao-de-idosos-entre-72-e-74-anos\/\" title=\"SP antecipa para esta sexta a vacina\u00e7\u00e3o de idosos entre 72 e 74 anos\">[&#8230;]<\/a><\/p>\n<\/div>","protected":false},"author":1,"featured_media":4087,"comment_status":"open","ping_status":"open","sticky":false,"template":"","format":"standard","meta":{"footnotes":""},"categories":[2],"tags":[37],"class_list":["post-4384","post","type-post","status-publish","format-standard","has-post-thumbnail","hentry","category-geral","tag-coronavirus"],"_links":{"self":[{"href":"https:\/\/novosaopaulo.com.br\/index.php\/wp-json\/wp\/v2\/posts\/4384"}],"collection":[{"href":"https:\/\/novosaopaulo.com.br\/index.php\/wp-json\/wp\/v2\/posts"}],"about":[{"href":"https:\/\/novosaopaulo.com.br\/index.php\/wp-json\/wp\/v2\/types\/post"}],"author":[{"embeddable":true,"href":"https:\/\/novosaopaulo.com.br\/index.php\/wp-json\/wp\/v2\/users\/1"}],"replies":[{"embeddable":true,"href":"https:\/\/novosaopaulo.com.br\/index.php\/wp-json\/wp\/v2\/comments?post=4384"}],"version-history":[{"count":1,"href":"https:\/\/novosaopaulo.com.br\/index.php\/wp-json\/wp\/v2\/posts\/4384\/revisions"}],"predecessor-version":[{"id":4385,"href":"https:\/\/novosaopaulo.com.br\/index.php\/wp-json\/wp\/v2\/posts\/4384\/revisions\/4385"}],"wp:featuredmedia":[{"embeddable":true,"href":"https:\/\/novosaopaulo.com.br\/index.php\/wp-json\/wp\/v2\/media\/4087"}],"wp:attachment":[{"href":"https:\/\/novosaopaulo.com.br\/index.php\/wp-json\/wp\/v2\/media?parent=4384"}],"wp:term":[{"taxonomy":"category","embeddable":true,"href":"https:\/\/novosaopaulo.com.br\/index.php\/wp-json\/wp\/v2\/categories?post=4384"},{"taxonomy":"post_tag","embeddable":true,"href":"https:\/\/novosaopaulo.com.br\/index.php\/wp-json\/wp\/v2\/tags?post=4384"}],"curies":[{"name":"wp","href":"https:\/\/api.w.org\/{rel}","templated":true}]}}