{"id":4369,"date":"2021-03-16T20:42:57","date_gmt":"2021-03-16T23:42:57","guid":{"rendered":"http:\/\/novosaopaulo.com.br\/?p=4369"},"modified":"2021-03-16T20:42:57","modified_gmt":"2021-03-16T23:42:57","slug":"proibicao-de-comercializacao-de-flores-repete-cenas-de-descarte-nas-producoes-cooperativas-e-lojas","status":"publish","type":"post","link":"https:\/\/novosaopaulo.com.br\/index.php\/2021\/03\/16\/proibicao-de-comercializacao-de-flores-repete-cenas-de-descarte-nas-producoes-cooperativas-e-lojas\/","title":{"rendered":"Proibi\u00e7\u00e3o de comercializa\u00e7\u00e3o de flores repete cenas de descarte nas produ\u00e7\u00f5es, cooperativas e lojas"},"content":{"rendered":"\n<p><em>Prefeitos de cidades do Rio Grande do Sul, Paran\u00e1, Santa Catarina, Minas Gerais e de algumas cidades do interior paulista proibiram a venda de flores em munic\u00edpios nos quais servi\u00e7os essenciais estavam permitidos nesta \u00faltima semana. Floriculturas permaneceram fechadas e supermercados, mesmo abertos ao p\u00fablico, foram obrigados a isolar, com fitas e pl\u00e1sticos, as \u00e1reas destinada \u00e0s plantas.<\/em><\/p>\n\n\n\n<p>As cenas vistas hoje nas cooperativas, nos campos de flores e nas floriculturas e supermercados, foi desoladora: parte da produ\u00e7\u00e3o destinada ao Dia da Mulher, que representa 8% do faturamento anual do setor, foi para o lixo ou triturada para voltar aos canteiros e vasos na forma de adubo. A venda das flores foi, simplesmente, barrada por prefeitos, principalmente do Rio Grande do Sul, Paran\u00e1, Santa Catarina, Minas Gerais e de algumas cidades interior paulista na semana passada, mesmo sendo oficialmente classificadas como agro, juntamente com frutas, verduras e legumes. Por esta classifica\u00e7\u00e3o, as flores e plantas podem ser vendidas livremente nos chamados \u201cservi\u00e7os essenciais\u201d.<\/p>\n\n\n\n<p>No entanto, mesmo diante do of\u00edcio do Minist\u00e9rio da Agricultura orientando a permiss\u00e3o do com\u00e9rcio, prefeitos de muitas cidades brasileiras determinaram o fechamento das floriculturas e, ainda, proibiram a venda de plantas e flores mesmo nos supermercados que eles pr\u00f3prios autorizaram permanecerem abertos nas chamadas Fases \u201cPreta\u201d ou \u201cVermelha\u201d que indicam o lockdown em cada estado. Em algumas cidades, os prefeitos chegaram a determinar que as flores fossem isoladas, com pl\u00e1sticos e fitas, para impedir o acesso do p\u00fablico.<\/p>\n\n\n\n<figure class=\"wp-block-image\"><img decoding=\"async\" src=\"https:\/\/files.pressmanager.net\/clientes\/e0d3ba35d0876d6fef497534efa74f5d\/imagens\/2021\/03\/11\/21672d4d56c4ad3e2557c3952c382f9f_medium.jpg\" alt=\"\"\/><\/figure>\n\n\n\n<figure class=\"wp-block-image\"><img decoding=\"async\" src=\"https:\/\/files.pressmanager.net\/clientes\/e0d3ba35d0876d6fef497534efa74f5d\/imagens\/2021\/03\/11\/281c5e3065569892bbe1911768149464_medium.jpg\" alt=\"\"\/><\/figure>\n\n\n\n<p><em>Imagens dos Supermercados do Rio Grande do Sul que circulam nas redes sociais.<\/em><\/p>\n\n\n\n<p><strong>Cancelamento de compras<\/strong><\/p>\n\n\n\n<p>A consequ\u00eancia do impasse foi o cancelamento de incont\u00e1veis pedidos de compra: tanto em meados da semana passada, pela inseguran\u00e7a dos donos de floriculturas que n\u00e3o sabiam se poderiam ou n\u00e3o abrir as suas lojas; quanto nesta semana, referentes \u00e0s novas compras, devido aos estoques n\u00e3o vendidos na data esperada.<\/p>\n\n\n\n<p>Na Cooperativa Veiling Holambra os reflexos da proibi\u00e7\u00e3o das vendas em v\u00e1rias cidades come\u00e7aram a ser sentidos na ter\u00e7a-feira, dia 9, e devem causar um descarte de cerca de 35% de todas as flores e plantas ofertadas durante esta semana no sistema de leil\u00e3o (Klok). &#8220;Isso significa, aproximadamente, 400 mil unidades de flores e plantas, sem computar o que o produtor j\u00e1 est\u00e1 descartando nas suas estufas e o que os clientes &#8211; floriculturas, gardens centers e supermercados &#8211; j\u00e1 est\u00e3o jogando fora no pr\u00f3prio ponto de venda por terem sido impedidos de vender os produtos&#8221;, diz Jorge Possato, CEO da Cooperativa Veiling Holambra.<\/p>\n\n\n\n<figure class=\"wp-block-image\"><img decoding=\"async\" src=\"https:\/\/files.pressmanager.net\/clientes\/e0d3ba35d0876d6fef497534efa74f5d\/imagens\/2021\/03\/11\/0843a0db3e17da1b4468b9fdf9515b81_medium.jpg\" alt=\"\"\/><\/figure>\n\n\n\n<figure class=\"wp-block-image\"><img decoding=\"async\" src=\"https:\/\/files.pressmanager.net\/clientes\/e0d3ba35d0876d6fef497534efa74f5d\/imagens\/2021\/03\/11\/693674fcf596d4ca389781779638553a_medium.jpg\" alt=\"\"\/><\/figure>\n\n\n\n<p><em>CEO da Cooperativa Veiling de Holambra, Jorge Possato, e o documento do Minist\u00e9rio da Agricultura<\/em><\/p>\n\n\n\n<p>O destino das plantas que n\u00e3o chegaram \u00e0s mulheres \u2013 no dia delas \u2013 tem sido o ruidoso e impiedoso triturador que, desde ent\u00e3o, est\u00e1 transformando as \u201csobras\u201d em adubo org\u00e2nico. Nas fazendas e estufas, os funcion\u00e1rios est\u00e3o passando os tratores sobre os canteiros de flores de cortes, enquanto as flores de vaso s\u00e3o separadas dos vasilhames (que ser\u00e3o reaproveitados) para tamb\u00e9m serem atiradas \u201cno lixo\u201d.<\/p>\n\n\n\n<figure class=\"wp-block-image\"><img decoding=\"async\" src=\"https:\/\/files.pressmanager.net\/clientes\/e0d3ba35d0876d6fef497534efa74f5d\/imagens\/2021\/03\/11\/5144b2fb08f2aa3ecdc4a10011dd154f_medium.jpg\" alt=\"\"\/><\/figure>\n\n\n\n<p><strong>Preocupa\u00e7\u00e3o com o Dia das M\u00e3es<\/strong><\/p>\n\n\n\n<p>\u201cNosso produto desperta alegria, emo\u00e7\u00e3o e bem-estar nas pessoas. Por isso, esperamos que essa situa\u00e7\u00e3o se reverta rapidamente nos pr\u00f3ximos para que nossos flores e plantas estejam dispon\u00edveis nos pontos de vendas \u2013 floriculturas, garden centers e supermercados -. N\u00e3o estamos pedindo para que elas sejam vendidas em locais nos quais os servi\u00e7os essenciais estejam fechados. Mas, nos munic\u00edpio nos quais o funcionamento seja permitido, solicitamos que as flores possam ser comercializadas tamb\u00e9m. A flor \u00e9 agro. A flor \u00e9 perec\u00edvel e n\u00e3o pode ser estocada para ser vendida em outra ocasi\u00e3o\u201d, explica Jorge Possato.<\/p>\n\n\n\n<p>De acordo com ele, a maior preocupa\u00e7\u00e3o \u00e9 que as flores para a P\u00e1scoa e Dia das M\u00e3es j\u00e1 est\u00e3o plantadas, no m\u00ednimo, desde dezembro. \u201cO mercado j\u00e1 est\u00e1 cr\u00edtico para o setor de flores e plantas. Nosso setor j\u00e1 sofreu duros golpes com o cancelamento dos eventos \u2013 principalmente casamentos e formaturas \u2013 que representam 30% do faturamento do setor da floricultura nacional. Precisamos dessas vendas para manter os empregos no campo, al\u00e9m dos gerados nos pontos de venda\u201d, diz<\/p>\n","protected":false},"excerpt":{"rendered":"<div class=\"mh-excerpt\"><p>Prefeitos de cidades do Rio Grande do Sul, Paran\u00e1, Santa Catarina, Minas Gerais e de algumas cidades do interior paulista proibiram a venda de flores <a class=\"mh-excerpt-more\" href=\"https:\/\/novosaopaulo.com.br\/index.php\/2021\/03\/16\/proibicao-de-comercializacao-de-flores-repete-cenas-de-descarte-nas-producoes-cooperativas-e-lojas\/\" title=\"Proibi\u00e7\u00e3o de comercializa\u00e7\u00e3o de flores repete cenas de descarte nas produ\u00e7\u00f5es, cooperativas e lojas\">[&#8230;]<\/a><\/p>\n<\/div>","protected":false},"author":1,"featured_media":4370,"comment_status":"open","ping_status":"open","sticky":false,"template":"","format":"standard","meta":{"footnotes":""},"categories":[2],"tags":[],"class_list":["post-4369","post","type-post","status-publish","format-standard","has-post-thumbnail","hentry","category-geral"],"_links":{"self":[{"href":"https:\/\/novosaopaulo.com.br\/index.php\/wp-json\/wp\/v2\/posts\/4369"}],"collection":[{"href":"https:\/\/novosaopaulo.com.br\/index.php\/wp-json\/wp\/v2\/posts"}],"about":[{"href":"https:\/\/novosaopaulo.com.br\/index.php\/wp-json\/wp\/v2\/types\/post"}],"author":[{"embeddable":true,"href":"https:\/\/novosaopaulo.com.br\/index.php\/wp-json\/wp\/v2\/users\/1"}],"replies":[{"embeddable":true,"href":"https:\/\/novosaopaulo.com.br\/index.php\/wp-json\/wp\/v2\/comments?post=4369"}],"version-history":[{"count":1,"href":"https:\/\/novosaopaulo.com.br\/index.php\/wp-json\/wp\/v2\/posts\/4369\/revisions"}],"predecessor-version":[{"id":4371,"href":"https:\/\/novosaopaulo.com.br\/index.php\/wp-json\/wp\/v2\/posts\/4369\/revisions\/4371"}],"wp:featuredmedia":[{"embeddable":true,"href":"https:\/\/novosaopaulo.com.br\/index.php\/wp-json\/wp\/v2\/media\/4370"}],"wp:attachment":[{"href":"https:\/\/novosaopaulo.com.br\/index.php\/wp-json\/wp\/v2\/media?parent=4369"}],"wp:term":[{"taxonomy":"category","embeddable":true,"href":"https:\/\/novosaopaulo.com.br\/index.php\/wp-json\/wp\/v2\/categories?post=4369"},{"taxonomy":"post_tag","embeddable":true,"href":"https:\/\/novosaopaulo.com.br\/index.php\/wp-json\/wp\/v2\/tags?post=4369"}],"curies":[{"name":"wp","href":"https:\/\/api.w.org\/{rel}","templated":true}]}}