{"id":4352,"date":"2021-03-15T20:34:33","date_gmt":"2021-03-15T23:34:33","guid":{"rendered":"http:\/\/novosaopaulo.com.br\/?p=4352"},"modified":"2021-03-15T20:34:33","modified_gmt":"2021-03-15T23:34:33","slug":"prefeita-marcia-bin-ganha-recurso-especial-eleitoral","status":"publish","type":"post","link":"https:\/\/novosaopaulo.com.br\/index.php\/2021\/03\/15\/prefeita-marcia-bin-ganha-recurso-especial-eleitoral\/","title":{"rendered":"Prefeita M\u00e1rcia Bin ganha Recurso Especial Eleitoral"},"content":{"rendered":"\n<p>A Prefeita M\u00e1rcia Bin de Po\u00e1 ganhou no Tribunal Superior Eleitoral, dia 12 de mar\u00e7o \u00faltimo, o Recurso Especial Eleitoral N\u00ba 0600182-29.2020.6.26.02.0219, movido pelo PARTIDO DA SOCIAL DEMOCRACIA BRASILEIRA (PSDB) \u2013 NACIONAL (Assistente) Mayara de Sa Pedrosa; atrav\u00e9s dos advogados (Advogado) Lu\u00eds Gustavo Motta Severo da Silva, Eugesio Pereira Maciel, Flavio Henrique Costa Pereira e Gustavo Guilherme Bezerra Kanffer.<br>Em sua defesa participaram os advogados: Daniel Santos Freitas, Jo\u00e3o Otavio Avelar Evangelista, Rosana Pelliciari, Anna Paula Kulia Menezes Rodrigues, Ana Paula de Sousa, Natalia Carolina Borges, Gabriel Borges Llona, Priscila Lima Aguiar Fernandes, Cristiano Vilela de Pinho, F\u00e1tima Cristina Pires Miranda, Wilton Lu\u00eds da Silva Gomes, Milvio Sanchez Baptista, Paulo Samuel dos Santos e Giovane Albert Biancolin.<br>O julgamento em sess\u00e3o por meio eletr\u00f4nico de 5 A, dia 11 de mar\u00e7o de 2021, tendo como relator o Ministro Alexandre de Morais; presidente, Ministro Lu\u00eds Roberto Barroso; Procurador Eleitoral, Renato Brill de Goes e Assessor de Plen\u00e1rio, Jo\u00e3o Oliveira Barros.<br>Decis\u00e3o:<br>O Tribunal, por unanimidade, negou provimento ao agravo regimental, nos termos do voto do Relator. Votaram com o Relator os Ministros Lu\u00eds Felipe Salom\u00e3o, Mauro Campbell Marques, Tarc\u00edsio Vieira de Carvalho Neto, S\u00e9rgio Banhos, Edson Fachin e Lu\u00eds Roberto Barroso (P r e s i d e n t e).<br>Composi\u00e7\u00e3o: Ministros Lu\u00eds Roberto Barroso (Presidente), Edson Fachin, Alexandre de Moraes, Lu\u00eds Felipe Salom\u00e3o, Mauro Campbell Marques, Tarc\u00edsio Vieira de Carvalho Neto e S\u00e9rgio Banhos. Por ser verdade, firmo a presente. Bras\u00edlia, 12\/03\/2021. Jo\u00e3o Paulo Oliveira Barros, Assessor de Plen\u00e1rio.<br>Com isto, a decis\u00e3o t\u00e3o esperada pelos poaenses, especialmente, aos advers\u00e1rios de oposi\u00e7\u00e3o, foi mantida por unanimidade a chapa eleitoral do PARTIDO DA SOCIAL DEMOCRACIA BRASILEIRA (PSDB) \u2013 NACIONAL; M\u00e1rcia Teixeira Bin de Sousa e Geraldo Oliveira e o caso foi encerrado.<br>Al\u00e9m de outro processo que est\u00e1 sendo apurado e que pede a cassa\u00e7\u00e3o da prefeita M\u00e1rcia Bin \u00e9 o de Nepotismo que tamb\u00e9m est\u00e1 para ser votado. Neste caso, se ela perder assumir\u00e1 o seu vice Geraldo Oliveira.<br>Agora tamb\u00e9m tem o processo movido pela Dra. Erivania El Kadri que pede a cassa\u00e7\u00e3o da prefeita nos termos do inciso I, do artigo 5\u00ba, do Decreto Lei n\u00ba 201, de 27 de fevereiro de 1967, oferece den\u00fancia, contra a Prefeita do Munic\u00edpio de Po\u00e1, M\u00e1rcia Teixeira Bin de Sousa, pela pr\u00e1tica de Crime de Responsabilidade, conduta vedada pelo inciso XIII, do artigo 1\u00ba, do Decreto Lei 201\/1967, assim como pela pratica de Infra\u00e7\u00e3o Pol\u00edtico-Administrativa, previstas nos incisos IV e VII, do artigo 4\u00ba, do mesmo Diploma Legal, c\/c as al\u00edneas \u201ce\u201d, \u201ch\u201d e \u201cl\u201d do inciso I, do artigo 45A, da Lei Org\u00e2nica do Munic\u00edpio de Po\u00e1.<br>Requer para tanto, com fulcro no inciso XVII, do artigo 12, da Lei Org\u00e2nica do Munic\u00edpio de Po\u00e1, a Cria\u00e7\u00e3o da Comiss\u00e3o Especial de Inqu\u00e9rito, para apurar os fatos.<\/p>\n","protected":false},"excerpt":{"rendered":"<div class=\"mh-excerpt\"><p>A Prefeita M\u00e1rcia Bin de Po\u00e1 ganhou no Tribunal Superior Eleitoral, dia 12 de mar\u00e7o \u00faltimo&#8230;<\/p>\n<\/div>","protected":false},"author":1,"featured_media":4353,"comment_status":"open","ping_status":"open","sticky":false,"template":"","format":"standard","meta":{"footnotes":""},"categories":[3],"tags":[25,11],"class_list":["post-4352","post","type-post","status-publish","format-standard","has-post-thumbnail","hentry","category-cidades","tag-capa","tag-poa"],"_links":{"self":[{"href":"https:\/\/novosaopaulo.com.br\/index.php\/wp-json\/wp\/v2\/posts\/4352"}],"collection":[{"href":"https:\/\/novosaopaulo.com.br\/index.php\/wp-json\/wp\/v2\/posts"}],"about":[{"href":"https:\/\/novosaopaulo.com.br\/index.php\/wp-json\/wp\/v2\/types\/post"}],"author":[{"embeddable":true,"href":"https:\/\/novosaopaulo.com.br\/index.php\/wp-json\/wp\/v2\/users\/1"}],"replies":[{"embeddable":true,"href":"https:\/\/novosaopaulo.com.br\/index.php\/wp-json\/wp\/v2\/comments?post=4352"}],"version-history":[{"count":1,"href":"https:\/\/novosaopaulo.com.br\/index.php\/wp-json\/wp\/v2\/posts\/4352\/revisions"}],"predecessor-version":[{"id":4354,"href":"https:\/\/novosaopaulo.com.br\/index.php\/wp-json\/wp\/v2\/posts\/4352\/revisions\/4354"}],"wp:featuredmedia":[{"embeddable":true,"href":"https:\/\/novosaopaulo.com.br\/index.php\/wp-json\/wp\/v2\/media\/4353"}],"wp:attachment":[{"href":"https:\/\/novosaopaulo.com.br\/index.php\/wp-json\/wp\/v2\/media?parent=4352"}],"wp:term":[{"taxonomy":"category","embeddable":true,"href":"https:\/\/novosaopaulo.com.br\/index.php\/wp-json\/wp\/v2\/categories?post=4352"},{"taxonomy":"post_tag","embeddable":true,"href":"https:\/\/novosaopaulo.com.br\/index.php\/wp-json\/wp\/v2\/tags?post=4352"}],"curies":[{"name":"wp","href":"https:\/\/api.w.org\/{rel}","templated":true}]}}