{"id":4340,"date":"2021-03-15T13:44:10","date_gmt":"2021-03-15T16:44:10","guid":{"rendered":"http:\/\/novosaopaulo.com.br\/?p=4340"},"modified":"2021-03-15T13:44:10","modified_gmt":"2021-03-15T16:44:10","slug":"vacinacao-sera-retomada-nesta-quinta-feira-na-arena-suzano","status":"publish","type":"post","link":"https:\/\/novosaopaulo.com.br\/index.php\/2021\/03\/15\/vacinacao-sera-retomada-nesta-quinta-feira-na-arena-suzano\/","title":{"rendered":"Vacina\u00e7\u00e3o ser\u00e1 retomada nesta quinta-feira na Arena Suzano"},"content":{"rendered":"\n<p><em>P\u00fablico-alvo s\u00e3o pessoas com mais de 80 anos e profissionais da sa\u00fade que esperam a segunda dose; no dia seguinte ser\u00e1 a vez dos idosos entre 77 e 79 anos que ainda n\u00e3o tomaram<\/em><\/p>\n\n\n\n<p>A Secretaria Municipal de Sa\u00fade definiu o novo cronograma de vacina\u00e7\u00e3o contra o novo coronav\u00edrus (Covid-19) em Suzano. Ap\u00f3s o recebimento de novos lotes da CoronaVac, do Instituto Butantan, ser\u00e1 poss\u00edvel seguir com a campanha nesta quinta e sexta-feira (11 e 12\/03), na Arena Suzano (avenida Senador Roberto Simonsen, 90 \u2013 Jardim Imperador), a partir das 9 horas. O primeiro dia contemplar\u00e1 a aplica\u00e7\u00e3o da segunda dose em profissionais da sa\u00fade que n\u00e3o conseguiram se imunizar na semana passada e idosos maiores de 80 anos. J\u00e1 a sexta-feira ser\u00e1 dedicada \u00e0 vacina\u00e7\u00e3o de pessoas entre 77 e 79 anos com a primeira dose.&nbsp;<\/p>\n\n\n\n<p><br>O principal objetivo da opera\u00e7\u00e3o desta quinta-feira (11\/03) ser\u00e1 garantir a segunda aplica\u00e7\u00e3o ao p\u00fablico que j\u00e1 teve a primeira com a CoronaVac at\u00e9 meados de fevereiro, concluindo o prazo de espera de 14 a 28 dias. Para participar, \u00e9 preciso apresentar cart\u00e3o de vacina\u00e7\u00e3o e documento original com foto. A pasta trabalha com os dois \u00faltimos lotes da CoronaVac recebidos no munic\u00edpio, somando 2.560 novas doses dispon\u00edveis.<br><br>Na sexta-feira (12\/03), as equipes dever\u00e3o se empenhar em mais um dia de imuniza\u00e7\u00e3o dos idosos com idades entre 77 e 79 anos. Para receber a dose inicial, o mun\u00edcipe dever\u00e1 apresentar documento original com foto, CPF, comprovante de endere\u00e7o de Suzano e uma filipeta oficial devidamente preenchida com letra leg\u00edvel. A ficha pode ser acessada e impressa por meio do link&nbsp;<a href=\"http:\/\/bit.ly\/FichaCovid\" target=\"_blank\" rel=\"noreferrer noopener\">http:\/\/bit.ly\/FichaCovid<\/a>. Al\u00e9m disso, o idoso deve efetuar o pr\u00e9-cadastro no site Vacina J\u00e1 (<a href=\"https:\/\/www.vacinaja.sp.gov.br\/\" target=\"_blank\" rel=\"noreferrer noopener\">https:\/\/www.vacinaja.sp.gov.br\/<\/a>), do governo estadual. O sistema drive-thru para idosos com dificuldades de locomo\u00e7\u00e3o estar\u00e1 dispon\u00edvel nos dois dias de campanha.<br><br>\u201cNossas equipes seguem incans\u00e1veis na promo\u00e7\u00e3o das vacinas, assegurando que todas as doses recebidas cheguem aos grupos priorit\u00e1rios do momento, que s\u00e3o basicamente os profissionais de sa\u00fade, os idosos maiores de 77 anos e os acamados. Vale ressaltar que a ades\u00e3o \u00e0 segunda dose \u00e9 o que completa a imuniza\u00e7\u00e3o proposta, garantindo maior efic\u00e1cia do imunizante aplicado\u201d, disse secret\u00e1rio municipal de Sa\u00fade, Pedro Ishi.<\/p>\n\n\n\n<p>Cr\u00e9dito das fotos: Wanderley Costa\/Secop Suzano<\/p>\n","protected":false},"excerpt":{"rendered":"<div class=\"mh-excerpt\"><p>P\u00fablico-alvo s\u00e3o pessoas com mais de 80 anos e profissionais da sa\u00fade que esperam a segunda dose; no dia seguinte ser\u00e1 a vez dos idosos entre 77 e 79 anos que ainda n\u00e3o tomaram<\/p>\n<\/div>","protected":false},"author":1,"featured_media":4341,"comment_status":"open","ping_status":"open","sticky":false,"template":"","format":"standard","meta":{"footnotes":""},"categories":[3],"tags":[27],"class_list":["post-4340","post","type-post","status-publish","format-standard","has-post-thumbnail","hentry","category-cidades","tag-suzano"],"_links":{"self":[{"href":"https:\/\/novosaopaulo.com.br\/index.php\/wp-json\/wp\/v2\/posts\/4340"}],"collection":[{"href":"https:\/\/novosaopaulo.com.br\/index.php\/wp-json\/wp\/v2\/posts"}],"about":[{"href":"https:\/\/novosaopaulo.com.br\/index.php\/wp-json\/wp\/v2\/types\/post"}],"author":[{"embeddable":true,"href":"https:\/\/novosaopaulo.com.br\/index.php\/wp-json\/wp\/v2\/users\/1"}],"replies":[{"embeddable":true,"href":"https:\/\/novosaopaulo.com.br\/index.php\/wp-json\/wp\/v2\/comments?post=4340"}],"version-history":[{"count":1,"href":"https:\/\/novosaopaulo.com.br\/index.php\/wp-json\/wp\/v2\/posts\/4340\/revisions"}],"predecessor-version":[{"id":4342,"href":"https:\/\/novosaopaulo.com.br\/index.php\/wp-json\/wp\/v2\/posts\/4340\/revisions\/4342"}],"wp:featuredmedia":[{"embeddable":true,"href":"https:\/\/novosaopaulo.com.br\/index.php\/wp-json\/wp\/v2\/media\/4341"}],"wp:attachment":[{"href":"https:\/\/novosaopaulo.com.br\/index.php\/wp-json\/wp\/v2\/media?parent=4340"}],"wp:term":[{"taxonomy":"category","embeddable":true,"href":"https:\/\/novosaopaulo.com.br\/index.php\/wp-json\/wp\/v2\/categories?post=4340"},{"taxonomy":"post_tag","embeddable":true,"href":"https:\/\/novosaopaulo.com.br\/index.php\/wp-json\/wp\/v2\/tags?post=4340"}],"curies":[{"name":"wp","href":"https:\/\/api.w.org\/{rel}","templated":true}]}}