{"id":4337,"date":"2021-03-15T13:37:21","date_gmt":"2021-03-15T16:37:21","guid":{"rendered":"http:\/\/novosaopaulo.com.br\/?p=4337"},"modified":"2021-03-15T13:37:21","modified_gmt":"2021-03-15T16:37:21","slug":"educacao-suzanense-celebra-a-cultura-de-paz","status":"publish","type":"post","link":"https:\/\/novosaopaulo.com.br\/index.php\/2021\/03\/15\/educacao-suzanense-celebra-a-cultura-de-paz\/","title":{"rendered":"Educa\u00e7\u00e3o suzanense celebra a Cultura de Paz"},"content":{"rendered":"\n<p><em>V\u00eddeo especial convida o p\u00fablico \u00e0 reflex\u00e3o sobre o tema\u00a0em um momento delicado para o mundo de enfrentamento ao novo coronav\u00edrus<\/em><\/p>\n\n\n\n<p>Os valores humanos e o respeito \u00e0 individualidade s\u00e3o assuntos priorit\u00e1rios para a Educa\u00e7\u00e3o suzanense. Neste ano, em meio ao enfrentamento da pandemia do novo coronav\u00edrus (Covid-19), a secretaria municipal se empenha em refor\u00e7ar a import\u00e2ncia da Cultura de Paz por meio de um v\u00eddeo especial colocado \u00e0 disposi\u00e7\u00e3o no canal TV Prefeitura de Suzano, no YouTube&nbsp;(<a href=\"http:\/\/www.youtube.com\/PrefeituraDeSuzanoOficial\" target=\"_blank\" rel=\"noreferrer noopener\">www.youtube.com\/PrefeituraDeSuzanoOficial<\/a>).<\/p>\n\n\n\n<p><br>De acordo com o chefe da pasta, Leandro Bassini, o conte\u00fado elaborado tem o objetivo de trazer mais reflex\u00e3o sobre o tema a todos os suzanenses. \u201cA grava\u00e7\u00e3o reflete o sentimento das crian\u00e7as acerca da Cultura de Paz, que \u00e9 o caminho para uma sociedade melhor, priorizando o di\u00e1logo e a media\u00e7\u00e3o de conflitos. Temos muito o que aprender com os pequenos. \u00c9 essa reflex\u00e3o pura e genu\u00edna que nos transforma por dentro e por fora\u201d, disse.<br><br>A abordagem do tema vem \u00e0 tona em um momento delicado para o mundo, em meio ao enfrentamento \u00e0 Covid-19. &#8220;Percebemos a necessidade de express\u00e3o das pessoas que, por vezes, est\u00e3o enfrentando um per\u00edodo delicado. Por meio do di\u00e1logo, abandonamos a raiz de a\u00e7\u00f5es e comportamentos violentos. Saber ouvir e dar uma palavra amiga \u00e9 o que precisamos\u201d, ponderou.<br><br>Para o secret\u00e1rio, a expectativa \u00e9 de que a mensagem de paz ecoada pelas crian\u00e7as alcance outros cora\u00e7\u00f5es. \u201cOs sentimentos de amor e empatia devem prevalecer na sociedade. Quando fomentamos isso desde a inf\u00e2ncia ajudamos a disseminar este conceito, inspirando outras pessoas e orientando a comunidade\u201d.<\/p>\n\n\n\n<p>Cr\u00e9dito da foto: Reprodu\u00e7\u00e3o\/Secop Suzano<\/p>\n","protected":false},"excerpt":{"rendered":"<div class=\"mh-excerpt\"><p>V\u00eddeo especial convida o p\u00fablico \u00e0 reflex\u00e3o sobre o tema em um momento delicado para o mundo de enfrentamento ao novo coronav\u00edrus<\/p>\n<\/div>","protected":false},"author":1,"featured_media":4338,"comment_status":"open","ping_status":"open","sticky":false,"template":"","format":"standard","meta":{"footnotes":""},"categories":[3],"tags":[27],"class_list":["post-4337","post","type-post","status-publish","format-standard","has-post-thumbnail","hentry","category-cidades","tag-suzano"],"_links":{"self":[{"href":"https:\/\/novosaopaulo.com.br\/index.php\/wp-json\/wp\/v2\/posts\/4337"}],"collection":[{"href":"https:\/\/novosaopaulo.com.br\/index.php\/wp-json\/wp\/v2\/posts"}],"about":[{"href":"https:\/\/novosaopaulo.com.br\/index.php\/wp-json\/wp\/v2\/types\/post"}],"author":[{"embeddable":true,"href":"https:\/\/novosaopaulo.com.br\/index.php\/wp-json\/wp\/v2\/users\/1"}],"replies":[{"embeddable":true,"href":"https:\/\/novosaopaulo.com.br\/index.php\/wp-json\/wp\/v2\/comments?post=4337"}],"version-history":[{"count":1,"href":"https:\/\/novosaopaulo.com.br\/index.php\/wp-json\/wp\/v2\/posts\/4337\/revisions"}],"predecessor-version":[{"id":4339,"href":"https:\/\/novosaopaulo.com.br\/index.php\/wp-json\/wp\/v2\/posts\/4337\/revisions\/4339"}],"wp:featuredmedia":[{"embeddable":true,"href":"https:\/\/novosaopaulo.com.br\/index.php\/wp-json\/wp\/v2\/media\/4338"}],"wp:attachment":[{"href":"https:\/\/novosaopaulo.com.br\/index.php\/wp-json\/wp\/v2\/media?parent=4337"}],"wp:term":[{"taxonomy":"category","embeddable":true,"href":"https:\/\/novosaopaulo.com.br\/index.php\/wp-json\/wp\/v2\/categories?post=4337"},{"taxonomy":"post_tag","embeddable":true,"href":"https:\/\/novosaopaulo.com.br\/index.php\/wp-json\/wp\/v2\/tags?post=4337"}],"curies":[{"name":"wp","href":"https:\/\/api.w.org\/{rel}","templated":true}]}}