{"id":4334,"date":"2021-03-15T12:55:36","date_gmt":"2021-03-15T15:55:36","guid":{"rendered":"http:\/\/novosaopaulo.com.br\/?p=4334"},"modified":"2021-03-15T12:55:36","modified_gmt":"2021-03-15T15:55:36","slug":"santa-isabel-lanca-pre-cadastro-para-vacinacao","status":"publish","type":"post","link":"https:\/\/novosaopaulo.com.br\/index.php\/2021\/03\/15\/santa-isabel-lanca-pre-cadastro-para-vacinacao\/","title":{"rendered":"Santa Isabel lan\u00e7a pr\u00e9-cadastro para vacina\u00e7\u00e3o"},"content":{"rendered":"\n<p>Os moradores de Santa Isabel agora podem realizar o pr\u00e9-cadastro para a vacina\u00e7\u00e3o contra a Covid-19. Ap\u00f3s o processo de cadastramento, a secretaria municipal de Sa\u00fade entrar\u00e1 em contato para agendar o dia de vacina\u00e7\u00e3o de acordo com a idade e a disponibilidade de doses. A iniciativa tem como objetivo evitar aglomera\u00e7\u00f5es e agilizar o procedimento. O cadastro pode ser realizado pelo site oficial da prefeitura de Santa Isabel, no link https:\/\/santaisabel.sp.gov.br\/portal\/vacina\/<\/p>\n\n\n\n<p>O governo municipal refor\u00e7a a import\u00e2ncia da popula\u00e7\u00e3o seguir todas as medidas de prote\u00e7\u00e3o no combate ao novo coronav\u00edrus, usando sempre a m\u00e1scara, evitando aglomera\u00e7\u00f5es, respeitando o distanciamento social e higienizando bem as m\u00e3os com \u00e1gua e sab\u00e3o ou \u00e1lcool em gel, assim como obedecer \u00e0s determina\u00e7\u00f5es da Fase Vermelha do Plano S\u00e3o Paulo. Combater a Covid-19 \u00e9 um dever de todos, fa\u00e7a sua parte!<\/p>\n","protected":false},"excerpt":{"rendered":"<div class=\"mh-excerpt\"><p>Os moradores de Santa Isabel agora podem realizar o pr\u00e9-cadastro para a vacina\u00e7\u00e3o contra a Covid-19. <\/p>\n<\/div>","protected":false},"author":1,"featured_media":4335,"comment_status":"open","ping_status":"open","sticky":false,"template":"","format":"standard","meta":{"footnotes":""},"categories":[3],"tags":[158],"class_list":["post-4334","post","type-post","status-publish","format-standard","has-post-thumbnail","hentry","category-cidades","tag-santa-isabel"],"_links":{"self":[{"href":"https:\/\/novosaopaulo.com.br\/index.php\/wp-json\/wp\/v2\/posts\/4334"}],"collection":[{"href":"https:\/\/novosaopaulo.com.br\/index.php\/wp-json\/wp\/v2\/posts"}],"about":[{"href":"https:\/\/novosaopaulo.com.br\/index.php\/wp-json\/wp\/v2\/types\/post"}],"author":[{"embeddable":true,"href":"https:\/\/novosaopaulo.com.br\/index.php\/wp-json\/wp\/v2\/users\/1"}],"replies":[{"embeddable":true,"href":"https:\/\/novosaopaulo.com.br\/index.php\/wp-json\/wp\/v2\/comments?post=4334"}],"version-history":[{"count":1,"href":"https:\/\/novosaopaulo.com.br\/index.php\/wp-json\/wp\/v2\/posts\/4334\/revisions"}],"predecessor-version":[{"id":4336,"href":"https:\/\/novosaopaulo.com.br\/index.php\/wp-json\/wp\/v2\/posts\/4334\/revisions\/4336"}],"wp:featuredmedia":[{"embeddable":true,"href":"https:\/\/novosaopaulo.com.br\/index.php\/wp-json\/wp\/v2\/media\/4335"}],"wp:attachment":[{"href":"https:\/\/novosaopaulo.com.br\/index.php\/wp-json\/wp\/v2\/media?parent=4334"}],"wp:term":[{"taxonomy":"category","embeddable":true,"href":"https:\/\/novosaopaulo.com.br\/index.php\/wp-json\/wp\/v2\/categories?post=4334"},{"taxonomy":"post_tag","embeddable":true,"href":"https:\/\/novosaopaulo.com.br\/index.php\/wp-json\/wp\/v2\/tags?post=4334"}],"curies":[{"name":"wp","href":"https:\/\/api.w.org\/{rel}","templated":true}]}}