{"id":4331,"date":"2021-03-15T12:51:01","date_gmt":"2021-03-15T15:51:01","guid":{"rendered":"http:\/\/novosaopaulo.com.br\/?p=4331"},"modified":"2021-03-15T12:51:01","modified_gmt":"2021-03-15T15:51:01","slug":"procon-de-suzano-adere-ao-mutirao-virtual-de-renegociacao-de-dividas","status":"publish","type":"post","link":"https:\/\/novosaopaulo.com.br\/index.php\/2021\/03\/15\/procon-de-suzano-adere-ao-mutirao-virtual-de-renegociacao-de-dividas\/","title":{"rendered":"Procon de Suzano adere ao Mutir\u00e3o Virtual de Renegocia\u00e7\u00e3o de D\u00edvidas"},"content":{"rendered":"\n<p><em>A\u00e7\u00e3o ocorrer\u00e1 a partir desta segunda-feira (15\/03), quando se celebra o Dia do Consumidor, e se estender\u00e1 at\u00e9 31 de mar\u00e7o<\/em><\/p>\n\n\n\n<p>Como forma de marcar o Dia do Consumidor, o Procon de Suzano adere nesta segunda-feira (15\/03) \u2013 quando \u00e9 celebrada a data \u2013 ao Mutir\u00e3o Virtual de Renegocia\u00e7\u00e3o de D\u00edvidas. A a\u00e7\u00e3o ocorrer\u00e1 at\u00e9 31 de mar\u00e7o por meio da plataforma de solu\u00e7\u00e3o de conflitos na Internet&nbsp;<a href=\"http:\/\/www.consumidor.gov.br\/\" target=\"_blank\" rel=\"noreferrer noopener\">www.consumidor.gov.br<\/a>. Trata-se de uma iniciativa da Associa\u00e7\u00e3o Brasileira de Procons (ProconBrasil) e da Federa\u00e7\u00e3o Brasileira de Bancos (Febraban).<\/p>\n\n\n\n<p>Para participar, basta o consumidor fazer o seu registro no site, onde cadastrar\u00e1 login e senha. Em seguida, far\u00e1 o relato do seu problema, devendo informar que deseja usufruir do mutir\u00e3o de renegocia\u00e7\u00e3o de d\u00e9bitos. Ap\u00f3s finalizar a inscri\u00e7\u00e3o, o banco ou institui\u00e7\u00e3o financeira tem prazo de 15 dias para apresentar uma proposta ou resposta.<\/p>\n\n\n\n<p>A unidade municipal orienta que, no momento do registro, \u00e9 imprescind\u00edvel informar corretamente n\u00fameros de telefone e e-mail para contato, pois esses dados facilitar\u00e3o o atendimento. E solicita ainda que o consumidor, no seu relato, informe que est\u00e1 participando do mutir\u00e3o com a seguinte hashtag: #MutiraoProconsBrasil. Terminado o prazo de 15 dias para resposta do fornecedor, o participante passa a ter at\u00e9 20 dias para avaliar o retorno dado pela empresa e se a resposta foi satisfat\u00f3ria.<\/p>\n\n\n\n<p>O objetivo da a\u00e7\u00e3o \u00e9 reestabelecer o equil\u00edbrio do or\u00e7amento dom\u00e9stico das fam\u00edlias que est\u00e3o endividadas, principalmente neste momento de pandemia do novo coronav\u00edrus (Covid-19), e que precisam manter o nome limpo, longe de qualquer inscri\u00e7\u00e3o em cadastros de prote\u00e7\u00e3o ao cr\u00e9dito. Para isso, ap\u00f3s ser acionada pelo Procon de Suzano, a ProconsBrasil programou com a Febraban a ades\u00e3o das institui\u00e7\u00f5es financeiras, buscando viabilizar condi\u00e7\u00f5es favor\u00e1veis ao pagamento, ao ajuste do valor das parcelas, \u00e0 periodicidade dos pagamentos, \u00e0 redu\u00e7\u00e3o dos juros e multas e mesmo para a quita\u00e7\u00e3o do d\u00e9bito que o cidad\u00e3o tenha.<\/p>\n\n\n\n<p>De acordo com a diretora da unidade municipal, Daniela Itice, esta a\u00e7\u00e3o estava prevista para acontecer no ano passado, por\u00e9m, com a pandemia, teve que ser adiada. \u201cEste mutir\u00e3o, que acontecer\u00e1 de forma totalmente on-line, beneficiar\u00e1 diversos consumidores que desejam negociar suas d\u00edvidas. Principalmente quem n\u00e3o procura o Procon ou mesmo as institui\u00e7\u00f5es financeiras por constrangimento. Com as medidas mais restritivas de circula\u00e7\u00e3o determinadas, tamb\u00e9m acaba sendo bastante positiva que ocorra pela Internet. Uma excelente maneira de se comemorar essa importante data\u201d, destacou.<\/p>\n\n\n\n<p>Outras informa\u00e7\u00f5es podem ser obtidas com o Procon de Suzano pelos telefones (11) 4744-7322 e (11) 4744-7461 e pelos e-mails&nbsp;<a href=\"mailto:procon@suzano.sp.gov.br\" target=\"_blank\" rel=\"noreferrer noopener\">procon@suzano.sp.gov.br<\/a>&nbsp;e&nbsp;<a href=\"mailto:procon.atendimento@suzano.sp.gov.br\" target=\"_blank\" rel=\"noreferrer noopener\">procon.atendimento@suzano.sp. gov.br<\/a>.<\/p>\n\n\n\n<p>Cr\u00e9ditos das fotos: Mauricio Sordilli\/Secop Suzano e Irineu Junior\/Secop Suzano<\/p>\n","protected":false},"excerpt":{"rendered":"<div class=\"mh-excerpt\"><p>A\u00e7\u00e3o ocorrer\u00e1 a partir desta segunda-feira (15\/03), quando se celebra o Dia do Consumidor, e se estender\u00e1 at\u00e9 31 de mar\u00e7o<\/p>\n<\/div>","protected":false},"author":1,"featured_media":4332,"comment_status":"open","ping_status":"open","sticky":false,"template":"","format":"standard","meta":{"footnotes":""},"categories":[3],"tags":[27],"class_list":["post-4331","post","type-post","status-publish","format-standard","has-post-thumbnail","hentry","category-cidades","tag-suzano"],"_links":{"self":[{"href":"https:\/\/novosaopaulo.com.br\/index.php\/wp-json\/wp\/v2\/posts\/4331"}],"collection":[{"href":"https:\/\/novosaopaulo.com.br\/index.php\/wp-json\/wp\/v2\/posts"}],"about":[{"href":"https:\/\/novosaopaulo.com.br\/index.php\/wp-json\/wp\/v2\/types\/post"}],"author":[{"embeddable":true,"href":"https:\/\/novosaopaulo.com.br\/index.php\/wp-json\/wp\/v2\/users\/1"}],"replies":[{"embeddable":true,"href":"https:\/\/novosaopaulo.com.br\/index.php\/wp-json\/wp\/v2\/comments?post=4331"}],"version-history":[{"count":1,"href":"https:\/\/novosaopaulo.com.br\/index.php\/wp-json\/wp\/v2\/posts\/4331\/revisions"}],"predecessor-version":[{"id":4333,"href":"https:\/\/novosaopaulo.com.br\/index.php\/wp-json\/wp\/v2\/posts\/4331\/revisions\/4333"}],"wp:featuredmedia":[{"embeddable":true,"href":"https:\/\/novosaopaulo.com.br\/index.php\/wp-json\/wp\/v2\/media\/4332"}],"wp:attachment":[{"href":"https:\/\/novosaopaulo.com.br\/index.php\/wp-json\/wp\/v2\/media?parent=4331"}],"wp:term":[{"taxonomy":"category","embeddable":true,"href":"https:\/\/novosaopaulo.com.br\/index.php\/wp-json\/wp\/v2\/categories?post=4331"},{"taxonomy":"post_tag","embeddable":true,"href":"https:\/\/novosaopaulo.com.br\/index.php\/wp-json\/wp\/v2\/tags?post=4331"}],"curies":[{"name":"wp","href":"https:\/\/api.w.org\/{rel}","templated":true}]}}