{"id":4195,"date":"2021-02-25T23:58:39","date_gmt":"2021-02-26T02:58:39","guid":{"rendered":"http:\/\/novosaopaulo.com.br\/?p=4195"},"modified":"2021-02-25T23:58:39","modified_gmt":"2021-02-26T02:58:39","slug":"prefeitura-de-itaquaquecetuba-inaugura-central-de-atendimento-covid-19-nesta-quinta-25","status":"publish","type":"post","link":"https:\/\/novosaopaulo.com.br\/index.php\/2021\/02\/25\/prefeitura-de-itaquaquecetuba-inaugura-central-de-atendimento-covid-19-nesta-quinta-25\/","title":{"rendered":"Prefeitura de Itaquaquecetuba inaugura Central de Atendimento Covid-19 nesta quinta (25)"},"content":{"rendered":"\n<p>Come\u00e7ou a funcionar nesta quinta-feira (25), a Central de Atendimento Covid-19, em Itaquaquecetuba, para ampliar a assist\u00eancia \u00e0 popula\u00e7\u00e3o infectada no munic\u00edpio. O hospital de campanha opera nas instala\u00e7\u00f5es onde seria o Centro de Sa\u00fade Infantil (CSI), que n\u00e3o chegou a ser inaugurado pela gest\u00e3o anterior, na rua Jo\u00e3o Vagnotti, 37, regi\u00e3o central da cidade.<br><br>O valor investido foi de aproximadamente R$ 600 mil, j\u00e1 previsto no or\u00e7amento da Santa Casa de Miseric\u00f3rdia de Birigui, empresa terceirizada que fazia a gest\u00e3o da Unidade de Pronto Atendimento (UPA) 24h, no Jardim Caiuby, e do Centro de Sa\u00fade (CS) 24h, na regi\u00e3o central. Mas a inaugura\u00e7\u00e3o da Central da Covid-19 s\u00f3 foi poss\u00edvel gra\u00e7as \u00e0 interven\u00e7\u00e3o da prefeitura na administra\u00e7\u00e3o dessas unidades de sa\u00fade. Parte dos equipamentos j\u00e1 haviam sido comprados e a outra parte foi comprada este ano.<br><br>Logo na entrada, ainda na parte externa, h\u00e1 uma cobertura com bancos que funciona como uma \u00e1rea de espera para pr\u00e9-triagem, pensada para que pessoas apenas com suspeita fiquem em um ambiente mais arejado. Depois, o paciente \u00e9 encaminhado para a recep\u00e7\u00e3o onde far\u00e1 a ficha e ser\u00e1 levado para a triagem. A unidade funcionar\u00e1 24h.<br><br>S\u00e3o 17 leitos, sendo tr\u00eas de estabiliza\u00e7\u00e3o, dois de isolamento e 12 de enfermaria, um tom\u00f3grafo computadorizado para detectar o grau de comprometimento pulmonar causado pelo v\u00edrus, sala de emerg\u00eancia, de medica\u00e7\u00e3o, farm\u00e1cia e dois consult\u00f3rios com equipamentos de inform\u00e1tica. O telhado foi reformado para conter as infiltra\u00e7\u00f5es que haviam.<br><br>&#8220;N\u00e3o \u00e9 motivo de felicidade inaugurarmos um equipamento de sa\u00fade para tratar de v\u00edrus, mas \u00e9 a \u00fanica forma que n\u00f3s temos de cuidar das pessoas. Fomos eleitos para isso. Nossa felicidade \u00e9 poder dar a toda a cidade de Itaquaquecetuba a possibilidade de tratamento e de atendimento em enfermaria e emerg\u00eancia, se houver necessidade&#8221;, ressaltou o prefeito Eduardo Boigues.<br><br>A sala de emerg\u00eancia possui tr\u00eas leitos de estabiliza\u00e7\u00e3o com respiradores, monitores multipar\u00e2metro de sinais vitais, bombas de infus\u00e3o, desfibrilador, al\u00e9m de medicamentos e insumos como seringas e agulhas. &#8220;Por ser uma ala de emerg\u00eancia, h\u00e1 uma porta de entrada pela rua para que o paciente em estado grave entre direto por ela sem colocar em risco os demais pacientes e funcion\u00e1rios, e para agilizar o atendimento&#8221;, explicou Edson Rodrigues, secret\u00e1rio de Sa\u00fade.<br><br>H\u00e1 tamb\u00e9m uma sala de medica\u00e7\u00e3o para pacientes que n\u00e3o precisar\u00e3o ser internados e est\u00e3o com sintomas leves, com seis poltronas, um aparelho de eletrocardiograma e uma cadeira port\u00e1til para realiza\u00e7\u00e3o do exame. &nbsp;<br><br>Outras salas somam 12 leitos de enfermaria. &#8220;Tamb\u00e9m foi reservada uma sala com um leito de isolamento contendo respirador e bomba de infus\u00e3o para pacientes com comorbidades e outra sala com leito de isolamento para crian\u00e7as&#8221;, complementa o prefeito.<br><br>A sala de servi\u00e7o social tamb\u00e9m tem porta de entrada pela rua e foi pensada para que amigos e familiares que queiram informa\u00e7\u00f5es sobre o estado de sa\u00fade de algum paciente n\u00e3o precisem entrar na unidade correndo o risco de serem infectados.<br><br>&#8220;A farm\u00e1cia tamb\u00e9m est\u00e1 equipada com um refrigerador e estoque de medicamentos, assim como foi feita uma sala de enfermagem para preparo da medica\u00e7\u00e3o com ox\u00edmetro, estetosc\u00f3pio, term\u00f4metro, etc&#8221;, contou Humberto Yutaka Nakamura, secret\u00e1rio adjunto de Sa\u00fade.<br><br>Com esse refor\u00e7o de leitos e atendimento especializado, a Prefeitura de Itaquaquecetuba pretende desafogar o Hospital Santa Marcelina, no Jardim Nova Itaqu\u00e1, que \u00e9 estadual, a UPA 24h e o CS 24h, ambos municipais. As tr\u00eas unidades continuar\u00e3o o atendimento a infectados com Covid-19, funcionando como retaguarda.<br><br>&#8220;Se tiver com suspeita de Covid-19, mesmo podendo ser atendido na UPA, no CS e no Santa Marcelina, indicamos que venha para a Central da Covid-19, que agora \u00e9 a nossa unidade de refer\u00eancia&#8221;, orienta o secret\u00e1rio de Sa\u00fade.<br><br>Ap\u00f3s a pandemia, a estrutura e os equipamentos que est\u00e3o no local ser\u00e3o usados para o funcionamento do Centro de Sa\u00fade Infantil.<\/p>\n\n\n\n<p><strong>Fotos: Millena Matos<\/strong><\/p>\n","protected":false},"excerpt":{"rendered":"<div class=\"mh-excerpt\"><p>Come\u00e7ou a funcionar nesta quinta-feira (25), a Central de Atendimento Covid-19, em Itaquaquecetuba&#8230;<\/p>\n<\/div>","protected":false},"author":1,"featured_media":4196,"comment_status":"open","ping_status":"open","sticky":false,"template":"","format":"standard","meta":{"footnotes":""},"categories":[3],"tags":[154],"class_list":["post-4195","post","type-post","status-publish","format-standard","has-post-thumbnail","hentry","category-cidades","tag-itaqua"],"_links":{"self":[{"href":"https:\/\/novosaopaulo.com.br\/index.php\/wp-json\/wp\/v2\/posts\/4195"}],"collection":[{"href":"https:\/\/novosaopaulo.com.br\/index.php\/wp-json\/wp\/v2\/posts"}],"about":[{"href":"https:\/\/novosaopaulo.com.br\/index.php\/wp-json\/wp\/v2\/types\/post"}],"author":[{"embeddable":true,"href":"https:\/\/novosaopaulo.com.br\/index.php\/wp-json\/wp\/v2\/users\/1"}],"replies":[{"embeddable":true,"href":"https:\/\/novosaopaulo.com.br\/index.php\/wp-json\/wp\/v2\/comments?post=4195"}],"version-history":[{"count":1,"href":"https:\/\/novosaopaulo.com.br\/index.php\/wp-json\/wp\/v2\/posts\/4195\/revisions"}],"predecessor-version":[{"id":4197,"href":"https:\/\/novosaopaulo.com.br\/index.php\/wp-json\/wp\/v2\/posts\/4195\/revisions\/4197"}],"wp:featuredmedia":[{"embeddable":true,"href":"https:\/\/novosaopaulo.com.br\/index.php\/wp-json\/wp\/v2\/media\/4196"}],"wp:attachment":[{"href":"https:\/\/novosaopaulo.com.br\/index.php\/wp-json\/wp\/v2\/media?parent=4195"}],"wp:term":[{"taxonomy":"category","embeddable":true,"href":"https:\/\/novosaopaulo.com.br\/index.php\/wp-json\/wp\/v2\/categories?post=4195"},{"taxonomy":"post_tag","embeddable":true,"href":"https:\/\/novosaopaulo.com.br\/index.php\/wp-json\/wp\/v2\/tags?post=4195"}],"curies":[{"name":"wp","href":"https:\/\/api.w.org\/{rel}","templated":true}]}}