{"id":4089,"date":"2021-02-17T00:29:23","date_gmt":"2021-02-17T03:29:23","guid":{"rendered":"http:\/\/novosaopaulo.com.br\/?p=4089"},"modified":"2021-02-17T00:29:23","modified_gmt":"2021-02-17T03:29:23","slug":"daee-confirma-a-prefeitura-de-suzano-que-vai-desassorear-taiacupeba-mirim","status":"publish","type":"post","link":"https:\/\/novosaopaulo.com.br\/index.php\/2021\/02\/17\/daee-confirma-a-prefeitura-de-suzano-que-vai-desassorear-taiacupeba-mirim\/","title":{"rendered":"DAEE confirma \u00e0 Prefeitura de Suzano que vai desassorear Taia\u00e7upeba-Mirim"},"content":{"rendered":"\n<p><em>\u00d3rg\u00e3o estadual vai elaborar edital de licita\u00e7\u00e3o para servi\u00e7o parcial na Est\u00e2ncia Americana; administra\u00e7\u00e3o municipal cobra que toda a extens\u00e3o do rio na cidade seja atendida<\/em><\/p>\n\n\n\n<p>A Secretaria de Manuten\u00e7\u00e3o e Servi\u00e7os Urbanos de Suzano recebeu nesta ter\u00e7a-feira (16\/02) a garantia da realiza\u00e7\u00e3o de um processo licitat\u00f3rio para a execu\u00e7\u00e3o do desassoreamento parcial do rio Taia\u00e7upeba-Mirim, no trecho da rua Santa Gema, na Est\u00e2ncia Americana, bairro do distrito de Palmeiras, at\u00e9 Ribeir\u00e3o Pires. A informa\u00e7\u00e3o foi confirmada durante encontro com representantes do Departamento de \u00c1guas e Energia El\u00e9trica (DAEE). Uma nova reuni\u00e3o est\u00e1 agendada para a pr\u00f3xima semana a fim de debater a possibilidade de expans\u00e3o do servi\u00e7o para outras localidades banhadas pelo rio na cidade.<\/p>\n\n\n\n<p>De acordo com o chefe da pasta, Samuel Oliveira, o encontro, sediado na Esta\u00e7\u00e3o de Tratamento de \u00c1gua (ETA) da cidade, definiu que o \u00f3rg\u00e3o estadual dever\u00e1 se empenhar na elabora\u00e7\u00e3o de um edital para o processo licitat\u00f3rio destinado \u00e0 contrata\u00e7\u00e3o de servi\u00e7o de desassoreamento do Taia\u00e7upeba-Mirim, no trecho mencionado.<br><br>Contudo, a administra\u00e7\u00e3o municipal segue refor\u00e7ando o pedido para que o trabalho contemple toda a extens\u00e3o do rio em Suzano, passando por limpeza nas regi\u00f5es do Caulim, Parque Palmeiras, Parque Buenos Aires e Jardim Planalto. Sem contar a solicita\u00e7\u00e3o de celeridade nas a\u00e7\u00f5es voltadas a outros cursos d\u2019\u00e1gua, como os rios Tiet\u00ea, Guai\u00f3 e Jaguari, a fim de se evitar enchentes em pontos de aten\u00e7\u00e3o do munic\u00edpio.<\/p>\n\n\n\n<p>Durante a reuni\u00e3o, que tamb\u00e9m contou com a presen\u00e7a de representantes da Defesa Civil suzanense e da Companhia de Saneamento B\u00e1sico do Estado de S\u00e3o Paulo (Sabesp), o grupo t\u00e9cnico agendou a data de um novo encontro para avaliar as solicita\u00e7\u00f5es pendentes, incluindo a defini\u00e7\u00e3o de prazos para o in\u00edcio do trabalho de desassoreamento. A expectativa \u00e9 de que as partes voltem a se reunir na pr\u00f3xima ter\u00e7a-feira (23\/02), desta vez tamb\u00e9m contando com a participa\u00e7\u00e3o da Secretaria Municipal de Meio Ambiente.&nbsp;<\/p>\n\n\n\n<p>Para o prefeito Rodrigo Ashiuchi, o aceno representa mais um passo em dire\u00e7\u00e3o \u00e0 qualidade de vida da popula\u00e7\u00e3o. \u201cA conquista do desassoreamento junto ao governo do Estado significa mais preven\u00e7\u00e3o. O cuidado com os moradores de \u00e1reas vulner\u00e1veis \u00e9 um tema tratado por diversas frentes de trabalho, passando por toda articula\u00e7\u00e3o necess\u00e1ria para que tenhamos acesso a um servi\u00e7o que, certamente, vai fazer a diferen\u00e7a na vida de muitas comunidades\u201d, disse.<\/p>\n\n\n\n<p><strong>Combate \u00e0s enchentes<\/strong><\/p>\n\n\n\n<p>Desde meados de janeiro, o trecho do rio Jaguari que corta o bairro Miguel Badra Baixo recebe servi\u00e7os de desassoreamento, sob responsabilidade do DAEE, com apoio da municipalidade. Por sua vez, \u00e9 importante lembrar que a Prefeitura de Suzano tamb\u00e9m desempenhou a\u00e7\u00f5es emergenciais independentes no rio Guai\u00f3, a fim de garantir mais seguran\u00e7a e qualidade de vida aos moradores do Jardim Monte Cristo.&nbsp;<\/p>\n\n\n\n<p>Vale ressaltar ainda que a administra\u00e7\u00e3o municipal mant\u00e9m um trabalho perene de combate \u00e0s enchentes. As atividades contemplam pontos estrat\u00e9gicos da cidade, com foco na desobstru\u00e7\u00e3o de tubula\u00e7\u00f5es e na limpeza e cria\u00e7\u00e3o de valas auxiliares para drenagem. S\u00f3 em 2020, cerca de 2 mil bueiros foram limpos e mais de 520 toneladas de materiais foram retiradas das ruas e das redes pluviais da cidade.&nbsp;<\/p>\n\n\n\n<p>A previs\u00e3o agora \u00e9 de que, mediante o desassoreamento dos cursos d\u2019\u00e1gua promovido pelo DAEE, a cont\u00ednua limpeza de bueiros executada pelo munic\u00edpio ofere\u00e7a resultados ainda mais efetivos, sem o refluxo causado pelo ac\u00famulo de sedimentos nos rios. A administra\u00e7\u00e3o municipal segue tamb\u00e9m com outras frentes de trabalho, como a Opera\u00e7\u00e3o Cata-Treco e o Plano Ver\u00e3o 2020\/2021, que est\u00e1 em vig\u00eancia desde o fim de novembro para ampliar os trabalhos preventivos em rela\u00e7\u00e3o a ocorr\u00eancias naturais, como enchentes e alagamentos.&nbsp;<\/p>\n\n\n\n<p>Em Suzano, de acordo com a Defesa Civil, h\u00e1 43 \u00e1reas de risco em monitoramento, que foram catalogadas e que recebem constantemente aten\u00e7\u00e3o por parte do \u00f3rg\u00e3o. O plano prev\u00ea ainda a cria\u00e7\u00e3o de mais quatro N\u00facleos de Apoio da Defesa Civil (Nupdecs), sendo dois na regi\u00e3o norte, nos bairros Cidade Miguel Badra e Jardim Fernandes, e dois no distrito de Palmeiras. Desta forma, o munic\u00edpio passa a contar com oito grupos, uma vez que o Jardim Bel\u00e9m, o Jardim Mait\u00ea, o Parque Cerejeira e o Recanto S\u00e3o Jos\u00e9 j\u00e1 s\u00e3o contemplados.<\/p>\n\n\n\n<p>Cr\u00e9dito da foto: Mauricio Sordilli\/Secop Suzano<\/p>\n","protected":false},"excerpt":{"rendered":"<div class=\"mh-excerpt\"><p>\u00d3rg\u00e3o estadual vai elaborar edital de licita\u00e7\u00e3o para servi\u00e7o parcial na Est\u00e2ncia Americana; administra\u00e7\u00e3o municipal cobra que toda a extens\u00e3o do rio na cidade seja atendida<\/p>\n<\/div>","protected":false},"author":1,"featured_media":4090,"comment_status":"open","ping_status":"open","sticky":false,"template":"","format":"standard","meta":{"footnotes":""},"categories":[3],"tags":[27],"class_list":["post-4089","post","type-post","status-publish","format-standard","has-post-thumbnail","hentry","category-cidades","tag-suzano"],"_links":{"self":[{"href":"https:\/\/novosaopaulo.com.br\/index.php\/wp-json\/wp\/v2\/posts\/4089"}],"collection":[{"href":"https:\/\/novosaopaulo.com.br\/index.php\/wp-json\/wp\/v2\/posts"}],"about":[{"href":"https:\/\/novosaopaulo.com.br\/index.php\/wp-json\/wp\/v2\/types\/post"}],"author":[{"embeddable":true,"href":"https:\/\/novosaopaulo.com.br\/index.php\/wp-json\/wp\/v2\/users\/1"}],"replies":[{"embeddable":true,"href":"https:\/\/novosaopaulo.com.br\/index.php\/wp-json\/wp\/v2\/comments?post=4089"}],"version-history":[{"count":1,"href":"https:\/\/novosaopaulo.com.br\/index.php\/wp-json\/wp\/v2\/posts\/4089\/revisions"}],"predecessor-version":[{"id":4091,"href":"https:\/\/novosaopaulo.com.br\/index.php\/wp-json\/wp\/v2\/posts\/4089\/revisions\/4091"}],"wp:featuredmedia":[{"embeddable":true,"href":"https:\/\/novosaopaulo.com.br\/index.php\/wp-json\/wp\/v2\/media\/4090"}],"wp:attachment":[{"href":"https:\/\/novosaopaulo.com.br\/index.php\/wp-json\/wp\/v2\/media?parent=4089"}],"wp:term":[{"taxonomy":"category","embeddable":true,"href":"https:\/\/novosaopaulo.com.br\/index.php\/wp-json\/wp\/v2\/categories?post=4089"},{"taxonomy":"post_tag","embeddable":true,"href":"https:\/\/novosaopaulo.com.br\/index.php\/wp-json\/wp\/v2\/tags?post=4089"}],"curies":[{"name":"wp","href":"https:\/\/api.w.org\/{rel}","templated":true}]}}