{"id":3951,"date":"2021-02-01T17:05:52","date_gmt":"2021-02-01T20:05:52","guid":{"rendered":"http:\/\/novosaopaulo.com.br\/?p=3951"},"modified":"2021-02-01T17:05:52","modified_gmt":"2021-02-01T20:05:52","slug":"sindicato-pede-intervencao-do-prefeito-rodrigo-ashiuchi-via-condemat-para-impedir-fechamento-de-agencias-do-banco-do-brasil","status":"publish","type":"post","link":"https:\/\/novosaopaulo.com.br\/index.php\/2021\/02\/01\/sindicato-pede-intervencao-do-prefeito-rodrigo-ashiuchi-via-condemat-para-impedir-fechamento-de-agencias-do-banco-do-brasil\/","title":{"rendered":"Sindicato pede interven\u00e7\u00e3o do prefeito Rodrigo Ashiuchi via Condemat para impedir fechamento de ag\u00eancias do Banco do Brasil"},"content":{"rendered":"\n<p><em>Diretores foram recebidos na manh\u00e3 desta segunda-feira (1<sup>o<\/sup>\u00a0de fevereiro) pelo chefe do executivo suzanense, que firmou compromisso de apoiar a luta da categoria<\/em><\/p>\n\n\n\n<p>Em atendimento a um apelo feito pelo Sindicato dos Banc\u00e1rios e Financi\u00e1rios de Mogi das Cruzes e Regi\u00e3o, o prefeito de Suzano e presidente do Cons\u00f3rcio de Desenvolvimento dos Munic\u00edpios do Alto Tiet\u00ea (Condemat), Rodrigo Ashiuchi (PL), se comprometeu a apoiar a luta da categoria contra a reestrutura\u00e7\u00e3o do Banco do Brasil, que prev\u00ea o fechamento de v\u00e1rias ag\u00eancias e a demiss\u00e3o de 5 mil funcion\u00e1rios. Na base do Sindicato,&nbsp;est\u00e1 sob a amea\u00e7a de encerrar as atividades&nbsp;a&nbsp;ag\u00eancia 3138 do BB de C\u00e9sar de Souza, distrito de Mogi das Cruzes.<\/p>\n\n\n\n<p>Ashiuchi assumiu o compromisso de pautar essa quest\u00e3o por meio do Condemat e intervir no que for necess\u00e1rio para impedir que ainda mais trabalhadores percam o emprego e a renda nesse momento de crise sanit\u00e1ria e econ\u00f4mica.<\/p>\n\n\n\n<p>O chefe do Executivo suzanense recebeu o presidente do Sindicato, Clayton Teixeira Pereira, na manh\u00e3 desta segunda-feira (1 de fevereiro), em seu gabinete. Pereira estava acompanhado do diretor financeiro, Marcelo Borges e desde a \u00faltima semana est\u00e3o percorrendo as administra\u00e7\u00f5es municipais da base do Sindicato para protocolar o of\u00edcio contra o fechamento das ag\u00eancias do Banco do Brasil nas cidades da regi\u00e3o.<\/p>\n\n\n\n<p>Na sexta-feira (29 de janeiro) eles foram recebidos pelo prefeito de Mogi, Caio Cunha (Pode), que tamb\u00e9m se solidarizou \u00e0 luta da categoria e se comprometeu a unir esfor\u00e7os para impedir o corte de postos de trabalho na cidade, o que s\u00f3 ir\u00e1 agravar o desemprego e piorar o atendimento da popula\u00e7\u00e3o.&nbsp;<br><\/p>\n\n\n\n<p>&nbsp;&nbsp;&nbsp;&nbsp;&nbsp;&nbsp;&nbsp;&nbsp;&nbsp; Al\u00e9m de anunciar o fechamento de v\u00e1rias ag\u00eancias, postos de atendimento e escrit\u00f3rios, a dire\u00e7\u00e3o do Banco do Brasil anunciou um Plano de Demiss\u00f5es Volunt\u00e1rios (PDV) que tem por meta dispensar 5 mil trabalhadores do banco, entre outras medidas que prejudicam os funcion\u00e1rios e o atendimento ao p\u00fablico.<br><\/p>\n\n\n\n<p>V\u00e1rias a\u00e7\u00f5es contra o fechamento da unidade financeira v\u00eam sendo realizadas pelo movimento sindical em todo o Pa\u00eds desde o dia 11 de janeiro, quando foi anunciado o plano de reestrutura\u00e7\u00e3o do banco. De acordo com Pereira, o Banco do Brasil tem papel hist\u00f3rico no desenvolvimento econ\u00f4mico do pa\u00eds. \u00c9 parte dos servi\u00e7os p\u00fablicos que prestam servi\u00e7os essenciais \u00e0 popula\u00e7\u00e3o, como o Sistema \u00danico de Sa\u00fade (SUS) e o ensino p\u00fablico e gratuito do n\u00edvel b\u00e1sico ao superior.<\/p>\n\n\n\n<p>\u201cA institui\u00e7\u00e3o, bem como seus funcion\u00e1rios atuaram na linha de frente no atendimento \u00e0 popula\u00e7\u00e3o durante a pandemia, com todas as dificuldades que a falta de estrutura da institui\u00e7\u00e3o trouxe para nosso trabalho. A popula\u00e7\u00e3o ser\u00e1 prejudicada de diversas formas com essa reestrutura\u00e7\u00e3o. Uma delas \u00e9 a redu\u00e7\u00e3o dos caixas executivos, que vai afetar diretamente o servi\u00e7o de atendimento ao p\u00fablico\u201d, explicou.<\/p>\n","protected":false},"excerpt":{"rendered":"<div class=\"mh-excerpt\"><p>Diretores foram recebidos na manh\u00e3 desta segunda-feira (1o de fevereiro) pelo chefe do executivo suzanense, que firmou compromisso de apoiar a luta da categoria<\/p>\n<\/div>","protected":false},"author":1,"featured_media":3952,"comment_status":"open","ping_status":"open","sticky":false,"template":"","format":"standard","meta":{"footnotes":""},"categories":[3],"tags":[27],"class_list":["post-3951","post","type-post","status-publish","format-standard","has-post-thumbnail","hentry","category-cidades","tag-suzano"],"_links":{"self":[{"href":"https:\/\/novosaopaulo.com.br\/index.php\/wp-json\/wp\/v2\/posts\/3951"}],"collection":[{"href":"https:\/\/novosaopaulo.com.br\/index.php\/wp-json\/wp\/v2\/posts"}],"about":[{"href":"https:\/\/novosaopaulo.com.br\/index.php\/wp-json\/wp\/v2\/types\/post"}],"author":[{"embeddable":true,"href":"https:\/\/novosaopaulo.com.br\/index.php\/wp-json\/wp\/v2\/users\/1"}],"replies":[{"embeddable":true,"href":"https:\/\/novosaopaulo.com.br\/index.php\/wp-json\/wp\/v2\/comments?post=3951"}],"version-history":[{"count":1,"href":"https:\/\/novosaopaulo.com.br\/index.php\/wp-json\/wp\/v2\/posts\/3951\/revisions"}],"predecessor-version":[{"id":3953,"href":"https:\/\/novosaopaulo.com.br\/index.php\/wp-json\/wp\/v2\/posts\/3951\/revisions\/3953"}],"wp:featuredmedia":[{"embeddable":true,"href":"https:\/\/novosaopaulo.com.br\/index.php\/wp-json\/wp\/v2\/media\/3952"}],"wp:attachment":[{"href":"https:\/\/novosaopaulo.com.br\/index.php\/wp-json\/wp\/v2\/media?parent=3951"}],"wp:term":[{"taxonomy":"category","embeddable":true,"href":"https:\/\/novosaopaulo.com.br\/index.php\/wp-json\/wp\/v2\/categories?post=3951"},{"taxonomy":"post_tag","embeddable":true,"href":"https:\/\/novosaopaulo.com.br\/index.php\/wp-json\/wp\/v2\/tags?post=3951"}],"curies":[{"name":"wp","href":"https:\/\/api.w.org\/{rel}","templated":true}]}}