{"id":388,"date":"2020-03-16T17:16:31","date_gmt":"2020-03-16T20:16:31","guid":{"rendered":"http:\/\/novosaopaulo.com.br\/?p=388"},"modified":"2020-03-16T17:16:31","modified_gmt":"2020-03-16T20:16:31","slug":"ato-educativo-em-suzano-enaltece-a-cultura-de-paz","status":"publish","type":"post","link":"https:\/\/novosaopaulo.com.br\/index.php\/2020\/03\/16\/ato-educativo-em-suzano-enaltece-a-cultura-de-paz\/","title":{"rendered":"Ato educativo em Suzano enaltece a cultura de paz"},"content":{"rendered":"\n<p><em>Evento no Parque Municipal Max Feffer contou com mensagens\u00a0sobre o tema\u00a0e soltura de bal\u00f5es brancos\u00a0por alunos da rede municipal<\/em><br><\/p>\n\n\n\n<p>O Parque Max Feffer recebeu na manh\u00e3 desta sexta-feira (13\/03) um ato de reflex\u00e3o \u00e0 cultura de paz. A a\u00e7\u00e3o contou com a presen\u00e7a de cem alunos e professores da Escola Municipal Caic, do Jardim Imperador, que representou as outras 32 unidades da rede municipal de ensino que participaram das atividades, das quais foram protagonistas.<\/p>\n\n\n\n<p>A iniciativa foi das Secretarias de Cultura e de Educa\u00e7\u00e3o e acontece em um momento oportuno, quando todos est\u00e3o voltados \u00e0 mem\u00f3ria do ocorrido na Escola Estadual Professor Raul Brasil um ano atr\u00e1s.<\/p>\n\n\n\n<p>No in\u00edcio do encontro,&nbsp;os estudantes do 4\u00ba e 5\u00ba anos presentes escreveram mensagens de paz \u00e0 cidade e as penduraram nas tr\u00eas esculturas em formato de \u00e1rvore,&nbsp;confeccionadas com galhos secos pintados de branco voluntariamente pelo artista Maur\u00edcio Chaer, de Mogi das Cruzes.<br><br>Em seguida,&nbsp;houve&nbsp;a apresenta\u00e7\u00e3o do primeiro programa da \u201cTV Crian\u00e7a\u201d, produzido e gravado pelas pr\u00f3prias crian\u00e7as&nbsp;com atra\u00e7\u00f5es&nbsp;dentro do tema proposto, cultura de paz,&nbsp;no interior do Pavilh\u00e3o Zumbi dos Palmares. Como encerramento,&nbsp;as crian\u00e7as soltaram bal\u00f5es brancos no Jardim da Paz.&nbsp;Simultaneamente, o mesmo ocorreu&nbsp;em toda a rede municipal, por\u00e9m, as mensagens foram fixadas nos port\u00f5es&nbsp;das escolas.&nbsp;<\/p>\n\n\n\n<p>Em sua fala o secret\u00e1rio de Educa\u00e7\u00e3o, Leandro Bassini, disse que as crian\u00e7as trabalharam o conceito de paz em sala de aula&nbsp;durante o&nbsp;\u00faltimo&nbsp;ano. \u201cEsta \u00e9 uma express\u00e3o do nosso cotidiano.&nbsp;Os valores humanos e o respeito \u00e0 individualidade devem extrapolar os muros da escola. E n\u00f3s contamos com a ajuda dos&nbsp;alunos&nbsp;para disseminar este conceito.&nbsp;As trag\u00e9dias balizam mem\u00f3rias que v\u00e3o orientar \u00e0 sociedade. A dor do dia 13 de mar\u00e7o nunca vai passar,&nbsp;mas a data ser\u00e1 sempre reavivada a cada ano pela cultura de paz\u201d, disse.<\/p>\n\n\n\n<p>Tamb\u00e9m estiveram presentes no ato pela paz&nbsp;o prefeito Rodrigo Ashiuchi;&nbsp;a primeira-dama e presidente do Fundo Social de Solidariedade, Larissa Ashiuchi; os&nbsp;secret\u00e1rios&nbsp;Geraldo Garippo&nbsp;(Cultura), C\u00edntia Renata Lira da Silva (Administra\u00e7\u00e3o) e Claudinei Valdemar Galo (Transportes e Mobilidade Urbana); o chefe de Gabinete, Afr\u00e2nio Evaristo da Silva;&nbsp;o assessor estrat\u00e9gico, Jefferson Ferreira dos Santos; e os vereadores Rog\u00e9rio Gomes do Nascimento, Marcos Antonio dos Santos, Antonio Rafael Morgado e Gerice Rego Lione.<\/p>\n\n\n\n<p>Vale lembrar que uma quarta escultura, que tamb\u00e9m recebeu as mensagens dos estudantes da rede municipal, ficar\u00e1 exposta no Centro de Educa\u00e7\u00e3o e Cultura Francisco Carlos Moriconi. Trata-se de um globo, que representa o planeta Terra. J\u00e1 as \u00e1rvores da paz estar\u00e3o dispon\u00edveis a todo o p\u00fablico at\u00e9 o final desta sexta-feira&nbsp;no Parque Max Feffer.<\/p>\n\n\n\n<p>Cr\u00e9dito das fotos: Wanderley Costa\/Secop Suzano<\/p>\n","protected":false},"excerpt":{"rendered":"<div class=\"mh-excerpt\"><p>Evento no Parque Municipal Max Feffer contou com mensagens sobre o tema e soltura de bal\u00f5es brancos por alunos da rede municipal<\/p>\n<\/div>","protected":false},"author":1,"featured_media":332,"comment_status":"open","ping_status":"open","sticky":false,"template":"","format":"standard","meta":{"footnotes":""},"categories":[3],"tags":[27],"class_list":["post-388","post","type-post","status-publish","format-standard","has-post-thumbnail","hentry","category-cidades","tag-suzano"],"_links":{"self":[{"href":"https:\/\/novosaopaulo.com.br\/index.php\/wp-json\/wp\/v2\/posts\/388"}],"collection":[{"href":"https:\/\/novosaopaulo.com.br\/index.php\/wp-json\/wp\/v2\/posts"}],"about":[{"href":"https:\/\/novosaopaulo.com.br\/index.php\/wp-json\/wp\/v2\/types\/post"}],"author":[{"embeddable":true,"href":"https:\/\/novosaopaulo.com.br\/index.php\/wp-json\/wp\/v2\/users\/1"}],"replies":[{"embeddable":true,"href":"https:\/\/novosaopaulo.com.br\/index.php\/wp-json\/wp\/v2\/comments?post=388"}],"version-history":[{"count":1,"href":"https:\/\/novosaopaulo.com.br\/index.php\/wp-json\/wp\/v2\/posts\/388\/revisions"}],"predecessor-version":[{"id":390,"href":"https:\/\/novosaopaulo.com.br\/index.php\/wp-json\/wp\/v2\/posts\/388\/revisions\/390"}],"wp:featuredmedia":[{"embeddable":true,"href":"https:\/\/novosaopaulo.com.br\/index.php\/wp-json\/wp\/v2\/posts\/332"}],"wp:attachment":[{"href":"https:\/\/novosaopaulo.com.br\/index.php\/wp-json\/wp\/v2\/media?parent=388"}],"wp:term":[{"taxonomy":"category","embeddable":true,"href":"https:\/\/novosaopaulo.com.br\/index.php\/wp-json\/wp\/v2\/categories?post=388"},{"taxonomy":"post_tag","embeddable":true,"href":"https:\/\/novosaopaulo.com.br\/index.php\/wp-json\/wp\/v2\/tags?post=388"}],"curies":[{"name":"wp","href":"https:\/\/api.w.org\/{rel}","templated":true}]}}