{"id":3838,"date":"2021-01-24T15:18:03","date_gmt":"2021-01-24T18:18:03","guid":{"rendered":"http:\/\/novosaopaulo.com.br\/?p=3838"},"modified":"2021-01-24T15:18:03","modified_gmt":"2021-01-24T18:18:03","slug":"prefeito-de-suzano-se-reune-com-diretor-presidente-da-cragea","status":"publish","type":"post","link":"https:\/\/novosaopaulo.com.br\/index.php\/2021\/01\/24\/prefeito-de-suzano-se-reune-com-diretor-presidente-da-cragea\/","title":{"rendered":"Prefeito de Suzano se re\u00fane com diretor-presidente da Cragea"},"content":{"rendered":"\n<p>O prefeito de Suzano, Rodrigo Ashiuchi, acompanhado do secret\u00e1rio municipal de Meio Ambiente, Andr\u00e9 Chiang, se reuniu nesta sexta-feira (22\/01) com o diretor-presidente da Companhia Regional de Armaz\u00e9ns Gerais e Entrepostos Aduaneiros (Cragea), Maur\u00edlio Yoshita, e com seu filho Matheus Yoshita, na sede da unidade, na regi\u00e3o de Palmeiras. O encontro teve como objetivo estreitar la\u00e7os e tamb\u00e9m pedir prioridade na contrata\u00e7\u00e3o de suzanenses. Na oportunidade, Ashiuchi percorreu todo o espa\u00e7o do \u201cporto seco\u201d, conhecendo a hist\u00f3ria de 40 anos de atua\u00e7\u00e3o no setor log\u00edstico em armaz\u00e9ns gerais e alfandegado, trabalhando em modal rodovi\u00e1rio e ferrovi\u00e1rio \u2013 este \u00faltimo com ramal pr\u00f3prio.<\/p>\n\n\n\n<p>Cr\u00e9dito das fotos: Paulo Pavione\/Secop Suzano<\/p>\n","protected":false},"excerpt":{"rendered":"<div class=\"mh-excerpt\"><p>O prefeito de Suzano, Rodrigo Ashiuchi, acompanhado do secret\u00e1rio municipal de Meio Ambiente, Andr\u00e9 Chiang, se reuniu nesta sexta-feira (22\/01) com o diretor-presidente da Companhia <a class=\"mh-excerpt-more\" href=\"https:\/\/novosaopaulo.com.br\/index.php\/2021\/01\/24\/prefeito-de-suzano-se-reune-com-diretor-presidente-da-cragea\/\" title=\"Prefeito de Suzano se re\u00fane com diretor-presidente da Cragea\">[&#8230;]<\/a><\/p>\n<\/div>","protected":false},"author":1,"featured_media":3839,"comment_status":"open","ping_status":"open","sticky":false,"template":"","format":"standard","meta":{"footnotes":""},"categories":[3],"tags":[27],"class_list":["post-3838","post","type-post","status-publish","format-standard","has-post-thumbnail","hentry","category-cidades","tag-suzano"],"_links":{"self":[{"href":"https:\/\/novosaopaulo.com.br\/index.php\/wp-json\/wp\/v2\/posts\/3838"}],"collection":[{"href":"https:\/\/novosaopaulo.com.br\/index.php\/wp-json\/wp\/v2\/posts"}],"about":[{"href":"https:\/\/novosaopaulo.com.br\/index.php\/wp-json\/wp\/v2\/types\/post"}],"author":[{"embeddable":true,"href":"https:\/\/novosaopaulo.com.br\/index.php\/wp-json\/wp\/v2\/users\/1"}],"replies":[{"embeddable":true,"href":"https:\/\/novosaopaulo.com.br\/index.php\/wp-json\/wp\/v2\/comments?post=3838"}],"version-history":[{"count":1,"href":"https:\/\/novosaopaulo.com.br\/index.php\/wp-json\/wp\/v2\/posts\/3838\/revisions"}],"predecessor-version":[{"id":3840,"href":"https:\/\/novosaopaulo.com.br\/index.php\/wp-json\/wp\/v2\/posts\/3838\/revisions\/3840"}],"wp:featuredmedia":[{"embeddable":true,"href":"https:\/\/novosaopaulo.com.br\/index.php\/wp-json\/wp\/v2\/media\/3839"}],"wp:attachment":[{"href":"https:\/\/novosaopaulo.com.br\/index.php\/wp-json\/wp\/v2\/media?parent=3838"}],"wp:term":[{"taxonomy":"category","embeddable":true,"href":"https:\/\/novosaopaulo.com.br\/index.php\/wp-json\/wp\/v2\/categories?post=3838"},{"taxonomy":"post_tag","embeddable":true,"href":"https:\/\/novosaopaulo.com.br\/index.php\/wp-json\/wp\/v2\/tags?post=3838"}],"curies":[{"name":"wp","href":"https:\/\/api.w.org\/{rel}","templated":true}]}}