{"id":3829,"date":"2021-01-22T13:22:03","date_gmt":"2021-01-22T16:22:03","guid":{"rendered":"http:\/\/novosaopaulo.com.br\/?p=3829"},"modified":"2021-01-22T13:22:03","modified_gmt":"2021-01-22T16:22:03","slug":"cerca-de-30-dos-trabalhadores-da-saude-da-regiao-ja-receberam-a-primeira-dose-da-vacina","status":"publish","type":"post","link":"https:\/\/novosaopaulo.com.br\/index.php\/2021\/01\/22\/cerca-de-30-dos-trabalhadores-da-saude-da-regiao-ja-receberam-a-primeira-dose-da-vacina\/","title":{"rendered":"Cerca de 30% dos trabalhadores da sa\u00fade da regi\u00e3o j\u00e1 receberam a primeira dose da vacina"},"content":{"rendered":"\n<p><em>Imuniza\u00e7\u00e3o na regi\u00e3o do CONDEMAT teve in\u00edcio ontem logo ap\u00f3s a entrega do primeiro lote nos munic\u00edpios<\/em><\/p>\n\n\n\n<p>Desde ontem (20\/01) os munic\u00edpios da regi\u00e3o do CONDEMAT \u2013 Cons\u00f3rcio de Desenvolvimento dos Munic\u00edpios do Alto Tiet\u00ea vivem um dos momentos mais aguardados nos \u00faltimos meses em todo o pa\u00eds com o in\u00edcio da vacina\u00e7\u00e3o do primeiro grupo priorit\u00e1rio contra a Covid-19. De acordo com balan\u00e7o parcial do CONDEMAT, cerca de 30% dos trabalhadores da sa\u00fade que atuam diretamente no atendimento de pacientes infectados ou com suspeitas j\u00e1 receberam a primeira dose da vacina. A expectativa \u00e9 de que essa primeira etapa de imuniza\u00e7\u00e3o avance at\u00e9 a pr\u00f3xima quarta-feira.<\/p>\n\n\n\n<p>As 28.754 doses destinadas aos 12 munic\u00edpios do CONDEMAT foram entregues entre o final da tarde de ontem e a manh\u00e3 de hoje, com in\u00edcio da vacina\u00e7\u00e3o pelos munic\u00edpios logo ap\u00f3s a chegada do imunizante. Santa Branca, Guarulhos, Mogi das Cruzes, Suzano e Ferraz de Vasconcelos imunizaram os primeiros profissionais na noite de quarta-feira. Hoje foi a vez de Biritiba Mirim, Guararema, Santa Isabel, Itaquaquecetuba, Po\u00e1 e Aruj\u00e1 vacinarem. Em Sales\u00f3polis, que fez a retirada das doses no Grupo de Vigil\u00e2ncia Epidemiol\u00f3gica no final da tarde de hoje, a vacina\u00e7\u00e3o ter\u00e1 in\u00edcio somente amanh\u00e3 (22\/01). Em alguns munic\u00edpios a imuniza\u00e7\u00e3o seguir\u00e1 no per\u00edodo da noite.<\/p>\n\n\n\n<p>A coordenadora da C\u00e2mara T\u00e9cnica de Sa\u00fade, Adriana Martins falou sobre o in\u00edcio da vacina\u00e7\u00e3o na regi\u00e3o.&nbsp; \u201cDesde o fim do ano passado os munic\u00edpios se prepararam e se organizaram para este momento e conseguiram dar in\u00edcio \u00e0 vacina\u00e7\u00e3o de forma \u00e1gil e segura. Este momento \u00e9 muito esperado por todos n\u00f3s e ficamos na expectativa de um novo lote de vacina dentro de algumas semanas para aplica\u00e7\u00e3o da segunda dose nesses trabalhadores e idosos que est\u00e3o sendo imunizados\u201d.<\/p>\n\n\n\n<p>O quantitativo recebido pelos munic\u00edpios representa cerca de 40% da necessidade para imuniza\u00e7\u00e3o dos trabalhadores da sa\u00fade, sendo que tamb\u00e9m faz parte deste grupo inicial os idosos que vivem em asilos.<\/p>\n\n\n\n<p>De acordo com o Governo do Estado, a segunda dose da vacina para esse p\u00fablico chegar\u00e1 a tempo de ser aplicada dentro dos 21 dias preconizados para a CoronaVac.&nbsp;<br>Suzano: Irineu J\u00faniorFerraz de Vasconcelos: Jonathan AndradeGuararema: Vit\u00f3ria MikaelliItaquaquecetuba: Ver\u00f4nica RibeiroPo\u00e1: Rodrigo Nagafuti&nbsp;Aruj\u00e1 e Santa Isabel: Divulga\u00e7\u00e3o&nbsp;<\/p>\n","protected":false},"excerpt":{"rendered":"<div class=\"mh-excerpt\"><p>Imuniza\u00e7\u00e3o na regi\u00e3o do CONDEMAT teve in\u00edcio ontem logo ap\u00f3s a entrega do primeiro lote nos munic\u00edpios<\/p>\n<\/div>","protected":false},"author":1,"featured_media":3830,"comment_status":"open","ping_status":"open","sticky":false,"template":"","format":"standard","meta":{"footnotes":""},"categories":[2],"tags":[97],"class_list":["post-3829","post","type-post","status-publish","format-standard","has-post-thumbnail","hentry","category-geral","tag-condemat"],"_links":{"self":[{"href":"https:\/\/novosaopaulo.com.br\/index.php\/wp-json\/wp\/v2\/posts\/3829"}],"collection":[{"href":"https:\/\/novosaopaulo.com.br\/index.php\/wp-json\/wp\/v2\/posts"}],"about":[{"href":"https:\/\/novosaopaulo.com.br\/index.php\/wp-json\/wp\/v2\/types\/post"}],"author":[{"embeddable":true,"href":"https:\/\/novosaopaulo.com.br\/index.php\/wp-json\/wp\/v2\/users\/1"}],"replies":[{"embeddable":true,"href":"https:\/\/novosaopaulo.com.br\/index.php\/wp-json\/wp\/v2\/comments?post=3829"}],"version-history":[{"count":1,"href":"https:\/\/novosaopaulo.com.br\/index.php\/wp-json\/wp\/v2\/posts\/3829\/revisions"}],"predecessor-version":[{"id":3831,"href":"https:\/\/novosaopaulo.com.br\/index.php\/wp-json\/wp\/v2\/posts\/3829\/revisions\/3831"}],"wp:featuredmedia":[{"embeddable":true,"href":"https:\/\/novosaopaulo.com.br\/index.php\/wp-json\/wp\/v2\/media\/3830"}],"wp:attachment":[{"href":"https:\/\/novosaopaulo.com.br\/index.php\/wp-json\/wp\/v2\/media?parent=3829"}],"wp:term":[{"taxonomy":"category","embeddable":true,"href":"https:\/\/novosaopaulo.com.br\/index.php\/wp-json\/wp\/v2\/categories?post=3829"},{"taxonomy":"post_tag","embeddable":true,"href":"https:\/\/novosaopaulo.com.br\/index.php\/wp-json\/wp\/v2\/tags?post=3829"}],"curies":[{"name":"wp","href":"https:\/\/api.w.org\/{rel}","templated":true}]}}