{"id":3773,"date":"2021-01-18T18:35:58","date_gmt":"2021-01-18T21:35:58","guid":{"rendered":"http:\/\/novosaopaulo.com.br\/?p=3773"},"modified":"2021-01-18T18:35:58","modified_gmt":"2021-01-18T21:35:58","slug":"prefeitura-de-itaqua-realiza-mutirao-no-parque-ecologico","status":"publish","type":"post","link":"https:\/\/novosaopaulo.com.br\/index.php\/2021\/01\/18\/prefeitura-de-itaqua-realiza-mutirao-no-parque-ecologico\/","title":{"rendered":"Prefeitura de Itaqu\u00e1 realiza mutir\u00e3o no Parque Ecol\u00f3gico"},"content":{"rendered":"\n<p>O Parque Ecol\u00f3gico de Itaquaquecetuba recebeu a\u00e7\u00f5es de zeladoria nesta sexta-feira (15). A equipe do parque contou com a colabora\u00e7\u00e3o e muito trabalho de volunt\u00e1rios que apararam o mato alto. O local recebe diariamente cerca de 150 pessoas, no hor\u00e1rio das 7 \u00e0s 10 horas. Visitantes de v\u00e1rias cidades da regi\u00e3o costumam aproveitar o espa\u00e7o, que em tempos de pandemia, teve seu uso restrito.<\/p>\n\n\n\n<p>O prefeito Eduardo Boigues explica que a parte de limpeza, servi\u00e7os urbanos e zeladoria deixaram muito a desejar na gest\u00e3o passada, mas que agora o trabalho ser\u00e1 intenso e constante. \u201cFizemos hoje um grande mutir\u00e3o de pessoas volunt\u00e1rias. Um trabalho muito importante para revitalizar o um espa\u00e7o muito utilizado para o esporte e lazer da popula\u00e7\u00e3o\u201d, ressaltou o prefeito.&nbsp;<\/p>\n\n\n\n<p>O secret\u00e1rio Municipal de Abastecimento e Seguran\u00e7a Alimentar, Aparecido Ribeiro de Almeida, conhecido como Magr\u00e3o, explica a import\u00e2ncia do parque: \u201cO Parque Ecol\u00f3gico \u00e9 amplo e tem muito potencial, at\u00e9 para servir como \u00e1rea cultural do Alto Tiet\u00ea. Esse trabalho \u00e9 muito importante para que as pessoas voltem a ter prazer de visitar o local\u201d, refor\u00e7ou.<\/p>\n\n\n\n<p>O lazer ficar\u00e1 completo depois da pandemia, pois o espa\u00e7o disp\u00f5e de quiosques com churrasqueira, al\u00e9m de triciclos, pista para caminhada e corrida, al\u00e9m de v\u00e1rios espa\u00e7os verdes que poder\u00e3o ser aproveitados. O parque est\u00e1 localizado na Rua Cabr\u00e1lia, s\/n, no bairro Esta\u00e7\u00e3o.<br>Fotos: Ver\u00f4nica Ribeiro<\/p>\n","protected":false},"excerpt":{"rendered":"<div class=\"mh-excerpt\"><p>O Parque Ecol\u00f3gico de Itaquaquecetuba recebeu a\u00e7\u00f5es de zeladoria nesta sexta-feira (15).<\/p>\n<\/div>","protected":false},"author":1,"featured_media":3774,"comment_status":"open","ping_status":"open","sticky":false,"template":"","format":"standard","meta":{"footnotes":""},"categories":[2],"tags":[25],"class_list":["post-3773","post","type-post","status-publish","format-standard","has-post-thumbnail","hentry","category-geral","tag-capa"],"_links":{"self":[{"href":"https:\/\/novosaopaulo.com.br\/index.php\/wp-json\/wp\/v2\/posts\/3773"}],"collection":[{"href":"https:\/\/novosaopaulo.com.br\/index.php\/wp-json\/wp\/v2\/posts"}],"about":[{"href":"https:\/\/novosaopaulo.com.br\/index.php\/wp-json\/wp\/v2\/types\/post"}],"author":[{"embeddable":true,"href":"https:\/\/novosaopaulo.com.br\/index.php\/wp-json\/wp\/v2\/users\/1"}],"replies":[{"embeddable":true,"href":"https:\/\/novosaopaulo.com.br\/index.php\/wp-json\/wp\/v2\/comments?post=3773"}],"version-history":[{"count":1,"href":"https:\/\/novosaopaulo.com.br\/index.php\/wp-json\/wp\/v2\/posts\/3773\/revisions"}],"predecessor-version":[{"id":3775,"href":"https:\/\/novosaopaulo.com.br\/index.php\/wp-json\/wp\/v2\/posts\/3773\/revisions\/3775"}],"wp:featuredmedia":[{"embeddable":true,"href":"https:\/\/novosaopaulo.com.br\/index.php\/wp-json\/wp\/v2\/media\/3774"}],"wp:attachment":[{"href":"https:\/\/novosaopaulo.com.br\/index.php\/wp-json\/wp\/v2\/media?parent=3773"}],"wp:term":[{"taxonomy":"category","embeddable":true,"href":"https:\/\/novosaopaulo.com.br\/index.php\/wp-json\/wp\/v2\/categories?post=3773"},{"taxonomy":"post_tag","embeddable":true,"href":"https:\/\/novosaopaulo.com.br\/index.php\/wp-json\/wp\/v2\/tags?post=3773"}],"curies":[{"name":"wp","href":"https:\/\/api.w.org\/{rel}","templated":true}]}}