{"id":3689,"date":"2021-01-12T01:01:25","date_gmt":"2021-01-12T04:01:25","guid":{"rendered":"http:\/\/novosaopaulo.com.br\/?p=3689"},"modified":"2021-01-12T01:01:25","modified_gmt":"2021-01-12T04:01:25","slug":"vacina-pobreza-auxilios-e-politicos","status":"publish","type":"post","link":"https:\/\/novosaopaulo.com.br\/index.php\/2021\/01\/12\/vacina-pobreza-auxilios-e-politicos\/","title":{"rendered":"Vacina, pobreza, aux\u00edlios e pol\u00edticos"},"content":{"rendered":"\n<p>Ao mesmo tempo em que, nesta ter\u00e7a-feira (12), o Minist\u00e9rio da Sa\u00fade dever\u00e1 definir com governadores a data de inicio e o calend\u00e1rio da vacina\u00e7\u00e3o contra a Covid-19, a \u00e1rea econ\u00f4mica do governo e o pr\u00f3prio presidente Jair Bolsonaro t\u00eam nas m\u00e3os as demandas para evitar que, com o fim do auxilio emergencial, 3,4 milh\u00f5es de brasileiros regridam \u00e0 condi\u00e7\u00e3o de extrema pobreza. Tamb\u00e9m est\u00e3o em pauta, no governo e no Congresso, projetos que prorrogam o auxilio em tr\u00eas ou seis meses ou ainda enquanto durar a calamidade p\u00fablica, hoje prorrogada at\u00e9 junho. Outras pautas se referem a um 14\u00ba sal\u00e1rio emergencial para aposentados e servidores p\u00fablicos que tiveram o 13\u00ba antecipado no ano passado. O ministro Paulo Guedes j\u00e1 prev\u00ea, na continuidade da pandemia, a antecipa\u00e7\u00e3o \u2013 talvez para fevereiro e mar\u00e7o \u2013 do 13\u00ba de 2021 que, pelo calend\u00e1rio normal, ser\u00e1 pago no segundo semestre.<\/p>\n\n\n\n<p>&nbsp;&nbsp;&nbsp;&nbsp;&nbsp;&nbsp;&nbsp;&nbsp;&nbsp;&nbsp;&nbsp;&nbsp;A tese defendida pela equipe econ\u00f4mica, quando da antecipa\u00e7\u00e3o do 13\u00ba de 2020 foi de que, al\u00e9m de prover uma folga aos benefici\u00e1rios, injetaria os recursos na Economia, num per\u00edodo em que muitas atividades estavam paralisadas em raz\u00e3o das quarentenas e outras restri\u00e7\u00f5es impostas em diferentes regi\u00f5es do pa\u00eds pelos governadores empoderados para tanto atrav\u00e9s do Supremo Tribunal Federal. A antecipa\u00e7\u00e3o ocorreu e os benefici\u00e1rios iniciaram o movimento por um 14\u00ba sal\u00e1rio emergencial, mediante a tese de que muitos, principalmente os aposentados, tiveram de socorrer filhos e netos que perderam emprego e renda, sobrando sem o tradicional abono de fim de ano. Tamb\u00e9m se argumenta que esse sal\u00e1rio suplementar serviria igualmente para alavancar a Economia, como na antecipa\u00e7\u00e3o executada no primeiro semestre e que poder\u00e1 se repetir se o 13\u00ba de 2021 vier a ser antecipado.<\/p>\n\n\n\n<p>&nbsp;&nbsp;&nbsp;&nbsp;&nbsp;&nbsp;&nbsp;&nbsp;&nbsp;&nbsp;&nbsp;&nbsp;\u00c9 certo que vivemos o descompasso provocado pela pandemia e pela falta de entendimento entre as diferentes esferas de governo. O mal epid\u00eamico continua presente e exige medidas concretas tanto do poder p\u00fablico quanto da popula\u00e7\u00e3o. Mais uma vez torcemos para que, independente de suas diferen\u00e7as e apetites pol\u00edticos e eleitorais, o presidente, ministros, governadores, prefeitos e outros operadores p\u00fablicos n\u00e3o politizem a pandemia. Isso s\u00f3 aumenta o problema e faz o povo sofrer. Quanto \u00e0 popula\u00e7\u00e3o, que continue cuidando de si \u2013 usando m\u00e1scara, lavando as m\u00e3os com \u00e1lcool gel e sab\u00e3o, mantendo distanciamento e n\u00e3o se aglomerando \u2013 at\u00e9 que a vacina fa\u00e7a efeito e indique a possibilidade de flexibilizar h\u00e1bitos.<\/p>\n\n\n\n<p>&nbsp;&nbsp;&nbsp;&nbsp;&nbsp;&nbsp;&nbsp;&nbsp;&nbsp;&nbsp;&nbsp;&nbsp;\u00c9 fundamental que todos estejam conscientes de que o problema est\u00e1 a\u00ed, t\u00e3o grave quanto antes. Hoje com a diferen\u00e7a de se conhecer um pouco sobre o comportamento do v\u00edrus e&nbsp;&nbsp;a exist\u00eancia das vacinas. \u00c9 um momento especial, onde n\u00e3o se deve simplesmente repetir os procedimentos j\u00e1 adotados nos meses passados e nem negligenciar em cuidados. Cada indiv\u00edduo tem sua parcela de responsabilidade e quem n\u00e3o a cumprir, poder\u00e1 prejudicar a si pr\u00f3prio e sua comunidade.&nbsp;&nbsp;<\/p>\n\n\n\n<p>Tenente Dirceu Cardoso Gon\u00e7alves &#8211; dirigente da ASPOMIL (Associa\u00e7\u00e3o de&nbsp;Assist. Social dos Policiais Militares de S\u00e3o Paulo)&nbsp;<\/p>\n","protected":false},"excerpt":{"rendered":"<div class=\"mh-excerpt\"><p>Ao mesmo tempo em que, nesta ter\u00e7a-feira (12), o Minist\u00e9rio da Sa\u00fade dever\u00e1 definir com governadores<\/p>\n<\/div>","protected":false},"author":1,"featured_media":164,"comment_status":"open","ping_status":"open","sticky":false,"template":"","format":"standard","meta":{"footnotes":""},"categories":[3],"tags":[],"class_list":["post-3689","post","type-post","status-publish","format-standard","has-post-thumbnail","hentry","category-cidades"],"_links":{"self":[{"href":"https:\/\/novosaopaulo.com.br\/index.php\/wp-json\/wp\/v2\/posts\/3689"}],"collection":[{"href":"https:\/\/novosaopaulo.com.br\/index.php\/wp-json\/wp\/v2\/posts"}],"about":[{"href":"https:\/\/novosaopaulo.com.br\/index.php\/wp-json\/wp\/v2\/types\/post"}],"author":[{"embeddable":true,"href":"https:\/\/novosaopaulo.com.br\/index.php\/wp-json\/wp\/v2\/users\/1"}],"replies":[{"embeddable":true,"href":"https:\/\/novosaopaulo.com.br\/index.php\/wp-json\/wp\/v2\/comments?post=3689"}],"version-history":[{"count":1,"href":"https:\/\/novosaopaulo.com.br\/index.php\/wp-json\/wp\/v2\/posts\/3689\/revisions"}],"predecessor-version":[{"id":3690,"href":"https:\/\/novosaopaulo.com.br\/index.php\/wp-json\/wp\/v2\/posts\/3689\/revisions\/3690"}],"wp:featuredmedia":[{"embeddable":true,"href":"https:\/\/novosaopaulo.com.br\/index.php\/wp-json\/wp\/v2\/media\/164"}],"wp:attachment":[{"href":"https:\/\/novosaopaulo.com.br\/index.php\/wp-json\/wp\/v2\/media?parent=3689"}],"wp:term":[{"taxonomy":"category","embeddable":true,"href":"https:\/\/novosaopaulo.com.br\/index.php\/wp-json\/wp\/v2\/categories?post=3689"},{"taxonomy":"post_tag","embeddable":true,"href":"https:\/\/novosaopaulo.com.br\/index.php\/wp-json\/wp\/v2\/tags?post=3689"}],"curies":[{"name":"wp","href":"https:\/\/api.w.org\/{rel}","templated":true}]}}