{"id":2905,"date":"2020-10-20T15:35:51","date_gmt":"2020-10-20T18:35:51","guid":{"rendered":"http:\/\/novosaopaulo.com.br\/?p=2905"},"modified":"2020-10-20T15:35:51","modified_gmt":"2020-10-20T18:35:51","slug":"performance-mesa-brilhante-de-brunner-denunciou-a-pauta-da-fome-no-cruzamento-da-ipiranga-com-a-sao-joao","status":"publish","type":"post","link":"https:\/\/novosaopaulo.com.br\/index.php\/2020\/10\/20\/performance-mesa-brilhante-de-brunner-denunciou-a-pauta-da-fome-no-cruzamento-da-ipiranga-com-a-sao-joao\/","title":{"rendered":"Performance &#8220;Mesa Brilhante&#8221; de Brunner denunciou a pauta da fome no cruzamento da Ipiranga com a S\u00e3o Jo\u00e3o"},"content":{"rendered":"\n<p><em>Com apoio do SEFRAS e Caetano Veloso, o artista visual j\u00e1 conhecido pela sua forte conex\u00e3o com quest\u00f5es de cidadania, democracia e direitos humanos tamb\u00e9m projetou v\u00eddeo-arte em pr\u00e9dios de S\u00e3o Paulo e Bel\u00e9m (PA)<\/em><\/p>\n\n\n\n<p>Conhecido pela sua arte provocadora que sempre est\u00e1 entrela\u00e7ada a quest\u00f5es pol\u00edticas e de promo\u00e7\u00e3o da cidadania, o artista visual Brunner realizou na \u00faltima sexta-feira, dia 16 de outubro, a interven\u00e7\u00e3o urbana \u201cMesa Brilhante\u201d. A performance com apoio do Sefras (Servi\u00e7o Franciscano de Solidariedade) fez parte da programa\u00e7\u00e3o de ativismo alimentar \u201cBanqueta\u00e7o\u201d que, aproveita o Dia Mundial da Luta Contra a Fome para impactar e mobilizar a sociedade civil no problema durante todo o final de semana.<\/p>\n\n\n\n<p>Brunner criou uma mesa que, para as pessoas em situa\u00e7\u00e3o de vulnerabilidade social da regi\u00e3o, ser\u00e1 um verdadeiro banquete. Al\u00e9m da distribui\u00e7\u00e3o de marmitas, conta com muito brilho e ilumina\u00e7\u00e3o especial, oferecendo tamb\u00e9m a arte como alimento e ferramenta de inclus\u00e3o social.<\/p>\n\n\n\n<p>A \u201cMesa Brilhante\u201d de Brunner foi itinerante, vai caminhar pela Av. Ipiranga at\u00e9 chegar no cruzamento mais famoso da cidade com a Av. S\u00e3o Jo\u00e3o, escolhido propositalmente em refer\u00eancia \u00e0 Caetano Veloso. Ali ela ser\u00e1 estacionada e ter\u00e1 in\u00edcio o atendimento \u00e0 popula\u00e7\u00e3o de rua.<\/p>\n\n\n\n<p>As marmitas distribu\u00eddas foram as mesmas que t\u00eam sido servidas \u00e0 popula\u00e7\u00e3o de rua na Tenda Franciscana, em frente ao convento do Largo S\u00e3o Francisco. No dia 16, faz a entrega no endere\u00e7o ic\u00f4nico da cidade durante as performances art\u00edsticas para celebrar o total de um milh\u00e3o de refei\u00e7\u00f5es oferecidas, marca que ser\u00e1 ultrapassada ainda em outubro.<\/p>\n\n\n\n<p><strong>Gente \u00e9 pra brilhar, n\u00e3o morrer fome<\/strong><\/p>\n\n\n\n<p>A interven\u00e7\u00e3o de Brunner contou ainda com mais um desdobramento. O artista preparou um v\u00eddeo-arte batizado de \u201cGente \u00e9 pra Brilhar, N\u00e3o Morrer de fome\u201d que, ap\u00f3s o in\u00edcio da distribui\u00e7\u00e3o dos alimentos, foi apresentado por meios de grandes proje\u00e7\u00f5es em um pr\u00e9dio do entorno e outro em Bel\u00e9m do Par\u00e1, local escolhido dada a import\u00e2ncia do tema ambiental estar associado ao tema da fome.<\/p>\n\n\n\n<p>\u201cEu interpreto o tema \u2018brilho\u2019 que envolve todas as interven\u00e7\u00f5es que ser\u00e3o realizadas como uma forma de dar destaque a essa popula\u00e7\u00e3o que em nosso dia-a-dia vai se tornando invis\u00edvel e que dependem de nossa solidariedade para sobreviver. Al\u00e9m disso, n\u00e3o poder\u00edamos ter uma melhor trilha sonora, j\u00e1 que o pr\u00f3prio Caetano Veloso nos autorizou a utilizar sua can\u00e7\u00e3o \u2018Gente \u00e9 Pra Brilhar\u2019, dando sua ben\u00e7\u00e3o \u00e0 manifesta\u00e7\u00e3o\u201d, revela o artista.<\/p>\n\n\n\n<p>O v\u00eddeo arte trouxe entre os personagens homenageados na transmiss\u00e3o o pr\u00f3prio Caetano Veloso, al\u00e9m de nomes como o Cacique Raoni e a atriz e ativista transexual paulistana Leona Jhovs.<\/p>\n\n\n\n<p>Com a performance de Brunner e do SEFRAS, o \u201cBanqueta\u00e7o\u201d deste ano torna-se mais impactante aproveitando do espa\u00e7o urbano da maior cidade da Am\u00e9rica Latina como protagonista, uma de suas caracter\u00edsticas como artista. \u201cEstarmos em per\u00edodo eleitoral, um momento em que historicamente os olhos dos cidad\u00e3os est\u00e3o \u2018mais abertos\u2019, e ser\u00e1 muito importante nos aproveitarmos disso por meio da arte\u201d, diz.<\/p>\n\n\n\n<p><strong>Terceira interven\u00e7\u00e3o de impacto em apenas um m\u00eas<\/strong><\/p>\n\n\n\n<p>Essa foi a terceira a\u00e7\u00e3o de impacto do artista em menos de um m\u00eas. Em setembro, ele j\u00e1 foi convocado para uma performance no Rio de Janeiro (RJ) durante o evento \u201cGrito dos Exclu\u00eddos\u201d do Sefras e, recentemente, foi convidado pelo Instituto Tomie Ohtake para participar do projeto \u201cOuvir para Ver a Cidade: Deriva da Luz Vermelha\u201d.<\/p>\n\n\n\n<p>Brunner \u00e9 um artista jovem, contudo, carrega um longo curr\u00edculo e hist\u00f3rico de pesquisador celebrado internacionalmente. De uma caixa de f\u00f3sforos a proje\u00e7\u00f5es em arranha-c\u00e9us, \u00e9 imposs\u00edvel ficar indiferente \u00e0 sua arte sempre provocadora de reflex\u00f5es sobre cidadania, democracia e direitos humanos.<\/p>\n\n\n\n<p>\u201cMais do que nunca, as pessoas precisam potencializar sua atitude de questionar frente a sociedade em que est\u00e1 inserida. \u00c9 indispens\u00e1vel compreender e ter a liberdade para debater a forma como a comunidade \u00e9 organizada e como convive com a democracia. A performance \u00e9 uma das ferramentas mais poderosas para conectar as pessoas e despertar este necess\u00e1rio potencial. Por isso, a arte deve assumir efetivamente o seu papel pol\u00edtico com reflexo em nosso cotidiano poss\u00edvel de mudan\u00e7a \u201d, explica Fabio Paes, representante do SEFRAS.<\/p>\n\n\n\n<p>O engajamento da organiza\u00e7\u00e3o com a campanha e a incid\u00eancia direta na alimenta\u00e7\u00e3o de vulner\u00e1veis, especialmente ap\u00f3s o in\u00edcio da pandemia, marca um redimensionamento do SEFRAS frente \u00e0 pauta da fome, por isso, podemos esperar uma participa\u00e7\u00e3o marcante da institui\u00e7\u00e3o neste \u201cBanqueta\u00e7o\u201d.<\/p>\n\n\n\n<p><strong>Sobre a campanha<\/strong><\/p>\n\n\n\n<p>A vida convoca, como nunca antes, a popula\u00e7\u00e3o a fortalecer a luta coletiva para acabar com a fome definitivamente no Brasil. Ela n\u00e3o \u00e9 um produto da pandemia: a fome tem cor, classe e g\u00eanero. \u00c9 uma express\u00e3o biol\u00f3gica de um problema social, uma ferida aberta, normalizada e visibilizada. \u00c9 uma quest\u00e3o hist\u00f3rica que tem ra\u00edzes nas desigualdades estruturais e que impede a nossa sociedade de brilhar.<\/p>\n\n\n\n<p>Entre 12 e 18 de outubro, durante a Semana Mundial da&nbsp; Alimenta\u00e7\u00e3o, os cidad\u00e3os s\u00e3o convidados a participar da constru\u00e7\u00e3o de um novo mundo poss\u00edvel, fundamentado na generosidade, na solidariedade e nas rela\u00e7\u00f5es de cuidado, tendo o planeta como parte de uma casa comum.<\/p>\n\n\n\n<p><strong>Servi\u00e7o<\/strong><\/p>\n\n\n\n<p>Data: 16 de outubro de 2020 (Dia Mundial da Luta Contra a Fome)<\/p>\n\n\n\n<p>Hor\u00e1rio: 18h30<\/p>\n\n\n\n<p><strong>\u201cMesa Brilhante\u201d \u2013 Artista Brunner e Sefras<\/strong><\/p>\n\n\n\n<p>Local: Av. Ipiranga seguindo de forma itinerante at\u00e9 chegar ao cruzamento com a Av. S\u00e3o Jo\u00e3o<\/p>\n\n\n\n<p><strong>\u201cGente \u00e9 Pra Brilhar, N\u00e3o Pra Morrer de Fome\u201d<\/strong><\/p>\n\n\n\n<p>Local: Proje\u00e7\u00e3o em pr\u00e9dio do entorno do cruzamento da Av. Ipiranga com a Av. S\u00e3o Jo\u00e3o.<\/p>\n\n\n\n<p>Acompanhe as performances de \u201cMesa Brilhante\u201d e \u201cGente \u00e9 Pra Brilhar, N\u00e3o Pra Morrer de Fome\u201d na transmiss\u00e3o ao vivo pelo Instagram do artista:&nbsp;<a href=\"https:\/\/www.instagram.com\/cineparayso\/\" target=\"_blank\" rel=\"noreferrer noopener\">@cineparayso<\/a>.<\/p>\n","protected":false},"excerpt":{"rendered":"<div class=\"mh-excerpt\"><p>Com apoio do SEFRAS e Caetano Veloso, o artista visual j\u00e1 conhecido pela sua forte conex\u00e3o com quest\u00f5es de cidadania, democracia e direitos humanos tamb\u00e9m projetou v\u00eddeo-arte em pr\u00e9dios de S\u00e3o Paulo e Bel\u00e9m (PA)<\/p>\n<\/div>","protected":false},"author":1,"featured_media":2906,"comment_status":"open","ping_status":"open","sticky":false,"template":"","format":"standard","meta":{"footnotes":""},"categories":[2],"tags":[],"class_list":["post-2905","post","type-post","status-publish","format-standard","has-post-thumbnail","hentry","category-geral"],"_links":{"self":[{"href":"https:\/\/novosaopaulo.com.br\/index.php\/wp-json\/wp\/v2\/posts\/2905"}],"collection":[{"href":"https:\/\/novosaopaulo.com.br\/index.php\/wp-json\/wp\/v2\/posts"}],"about":[{"href":"https:\/\/novosaopaulo.com.br\/index.php\/wp-json\/wp\/v2\/types\/post"}],"author":[{"embeddable":true,"href":"https:\/\/novosaopaulo.com.br\/index.php\/wp-json\/wp\/v2\/users\/1"}],"replies":[{"embeddable":true,"href":"https:\/\/novosaopaulo.com.br\/index.php\/wp-json\/wp\/v2\/comments?post=2905"}],"version-history":[{"count":1,"href":"https:\/\/novosaopaulo.com.br\/index.php\/wp-json\/wp\/v2\/posts\/2905\/revisions"}],"predecessor-version":[{"id":2907,"href":"https:\/\/novosaopaulo.com.br\/index.php\/wp-json\/wp\/v2\/posts\/2905\/revisions\/2907"}],"wp:featuredmedia":[{"embeddable":true,"href":"https:\/\/novosaopaulo.com.br\/index.php\/wp-json\/wp\/v2\/media\/2906"}],"wp:attachment":[{"href":"https:\/\/novosaopaulo.com.br\/index.php\/wp-json\/wp\/v2\/media?parent=2905"}],"wp:term":[{"taxonomy":"category","embeddable":true,"href":"https:\/\/novosaopaulo.com.br\/index.php\/wp-json\/wp\/v2\/categories?post=2905"},{"taxonomy":"post_tag","embeddable":true,"href":"https:\/\/novosaopaulo.com.br\/index.php\/wp-json\/wp\/v2\/tags?post=2905"}],"curies":[{"name":"wp","href":"https:\/\/api.w.org\/{rel}","templated":true}]}}