{"id":2713,"date":"2020-10-02T13:22:27","date_gmt":"2020-10-02T16:22:27","guid":{"rendered":"http:\/\/novosaopaulo.com.br\/?p=2713"},"modified":"2020-10-02T13:22:27","modified_gmt":"2020-10-02T16:22:27","slug":"mimos-mundiais-a-partir-de-50-reais-no-shopping-west-plaza","status":"publish","type":"post","link":"https:\/\/novosaopaulo.com.br\/index.php\/2020\/10\/02\/mimos-mundiais-a-partir-de-50-reais-no-shopping-west-plaza\/","title":{"rendered":"Mimos mundiais a partir de 50 reais no Shopping West Plaza"},"content":{"rendered":"\n<p><em>Feira de Arte &amp; Na\u00e7\u00f5es traz objetos de todas as culturas do mundo<\/em><\/p>\n\n\n\n<p>Artigos \u00fanicos e que carregam a hist\u00f3ria de um pa\u00eds podem ser conferidos at\u00e9 o dia 30 de outubro na Na\u00e7\u00f5es &amp; Artes \u2013 Feira Internacional de Artesanato e Decora\u00e7\u00f5es no Shopping West Plaza. O evento \u00e9 gratuito e funciona de segunda a domingo, das 12h \u00e0s 20h, no piso T\u00e9rreo, bloco B.<\/p>\n\n\n\n<p>As pe\u00e7as, vindas de um interc\u00e2mbio cultural entre os pa\u00edses \u00c1sia, \u00c1frica e Am\u00e9rica do Sul, contemplando Turquia, Senegal, It\u00e1lia, Marrocos, Paquist\u00e3o, \u00cdndia, Bol\u00edvia, Peru e Brasil, s\u00e3o produzidos com mat\u00e9rias-primas t\u00edpicas de cada regi\u00e3o e modelagens exclusivas.<\/p>\n\n\n\n<p>Artigos&nbsp;de decora\u00e7\u00e3o, vestu\u00e1rio, acess\u00f3rios, joias e semijoias, obras de arte, tecidos, tape\u00e7aria, entre muitas outras op\u00e7\u00f5es de artesanato, s\u00e3o encontrados com valores que partem de 50 reais.&nbsp;<\/p>\n\n\n\n<p>O idealizador da feira, Juliano Michei j\u00e1 levou o evento para mais de 50 cidades do pa\u00eds e conta que existe uma curadoria na escolha das pe\u00e7as: \u201cBuscamos objetos interessantes e em pequenas quantidades para podermos ter exclusividade\u201d, afirma.<\/p>\n\n\n\n<p>A Feira Na\u00e7\u00f5es &amp; Arte adotou todos os protocolos de seguran\u00e7a, como higieniza\u00e7\u00e3o dos produtos, \u00e1lcool em gel para os visitantes e, todos os colaboradores usando m\u00e1scaras.&nbsp;<\/p>\n\n\n\n<p><strong>Servi\u00e7o<\/strong><\/p>\n\n\n\n<p>Na\u00e7\u00f5es &amp; Artes \u2013 Feira Internacional de Artesanato e Decora\u00e7\u00f5es<\/p>\n\n\n\n<p><strong>Hor\u00e1rio:<\/strong>&nbsp;de segunda a domingo, das 12h \u00e0s 20h&nbsp;<\/p>\n\n\n\n<p><strong>Local:<\/strong>&nbsp;T\u00e9rreo \u2013 bloco B<\/p>\n\n\n\n<p><strong>Endere\u00e7o:<\/strong>&nbsp;Av. Francisco Matarazzo &#8211; \u00c1gua Branca, S\u00e3o Paulo &#8211; SP<br><strong>Mais informa\u00e7\u00f5es Shopping West Plaza:<\/strong>&nbsp;pelo site www.westplaza.com.br\/ ou pelo telefone (11) 3677 4236.&nbsp;<\/p>\n\n\n\n<p><strong>Evento Gratuito<\/strong><\/p>\n\n\n\n<p><strong>Sobre Shopping West Plaza&nbsp;<\/strong><\/p>\n\n\n\n<p>Inaugurado em 1991, o empreendimento da Zona Oeste de S\u00e3o Paulo \u00e9 um dos principais centros comerciais da regi\u00e3o. Administrado pela rede Aliansce Sonae, o shopping \u00e9 refer\u00eancia pelas modernas lojas, um refinado polo gastron\u00f4mico e servi\u00e7os diferenciados.&nbsp;<\/p>\n\n\n\n<p>Com um mix de 200 lojas, o centro de compras conta com 7 salas de cinema, 12 restaurantes e 25 opera\u00e7\u00f5es na pra\u00e7a de alimenta\u00e7\u00e3o. Um Boulevard Gastron\u00f4mico soma quase 40 mil m\u00b2 em \u00e1rea aberta e arborizada, interligando os tr\u00eas blocos do shopping, oferecendo ao cliente op\u00e7\u00f5es de gastronomia como Jeronimo Burger, Pecorino Bar e Trattoria, L\u2019Entrec\u00f4te de Paris, Temakeria e Cia., Outback Steakhouse, Johnny Rockets.<\/p>\n\n\n\n<p>O empreendimento conta ainda com a comodidade de mais de 1,9 mil vagas de estacionamento.&nbsp;<\/p>\n\n\n\n<p>O Shopping West Plaza segue tamb\u00e9m o conceito de petfriendly, onde animais de estima\u00e7\u00e3o s\u00e3o sem bem-vindos.<\/p>\n\n\n\n<p><strong>Informa\u00e7\u00f5es \u00e0 Imprensa<\/strong><\/p>\n\n\n\n<p><strong>M\u00e1xima Assessoria de Imprensa<\/strong><\/p>\n\n\n\n<p>Tel: (11) 2203-5802<\/p>\n\n\n\n<p>Priscilla Lima \u2013&nbsp;priscilla@maximasp.com.br&nbsp;\u2013 Cel: (11) 99779-2779<\/p>\n\n\n\n<p>Mari Maellaro \u2013&nbsp;<a href=\"mailto:mari.maellaro@uol.com.br\" target=\"_blank\" rel=\"noreferrer noopener\">mari.maellaro@uol.com.br<\/a>&nbsp;\u2013 Cel: (11) 99686-4285<\/p>\n\n\n\n<p>Silvia Pacolla \u2013&nbsp;<a href=\"mailto:spacolla@uol.com.br\" target=\"_blank\" rel=\"noreferrer noopener\">spacolla@uol.com.br<\/a>&nbsp;\u2013 Cel: (11) 99686-4157<\/p>\n","protected":false},"excerpt":{"rendered":"<div class=\"mh-excerpt\"><p>Feira de Arte &#038; Na\u00e7\u00f5es traz objetos de todas as culturas do mundo<\/p>\n<\/div>","protected":false},"author":1,"featured_media":2714,"comment_status":"open","ping_status":"open","sticky":false,"template":"","format":"standard","meta":{"footnotes":""},"categories":[2],"tags":[],"class_list":["post-2713","post","type-post","status-publish","format-standard","has-post-thumbnail","hentry","category-geral"],"_links":{"self":[{"href":"https:\/\/novosaopaulo.com.br\/index.php\/wp-json\/wp\/v2\/posts\/2713"}],"collection":[{"href":"https:\/\/novosaopaulo.com.br\/index.php\/wp-json\/wp\/v2\/posts"}],"about":[{"href":"https:\/\/novosaopaulo.com.br\/index.php\/wp-json\/wp\/v2\/types\/post"}],"author":[{"embeddable":true,"href":"https:\/\/novosaopaulo.com.br\/index.php\/wp-json\/wp\/v2\/users\/1"}],"replies":[{"embeddable":true,"href":"https:\/\/novosaopaulo.com.br\/index.php\/wp-json\/wp\/v2\/comments?post=2713"}],"version-history":[{"count":1,"href":"https:\/\/novosaopaulo.com.br\/index.php\/wp-json\/wp\/v2\/posts\/2713\/revisions"}],"predecessor-version":[{"id":2715,"href":"https:\/\/novosaopaulo.com.br\/index.php\/wp-json\/wp\/v2\/posts\/2713\/revisions\/2715"}],"wp:featuredmedia":[{"embeddable":true,"href":"https:\/\/novosaopaulo.com.br\/index.php\/wp-json\/wp\/v2\/media\/2714"}],"wp:attachment":[{"href":"https:\/\/novosaopaulo.com.br\/index.php\/wp-json\/wp\/v2\/media?parent=2713"}],"wp:term":[{"taxonomy":"category","embeddable":true,"href":"https:\/\/novosaopaulo.com.br\/index.php\/wp-json\/wp\/v2\/categories?post=2713"},{"taxonomy":"post_tag","embeddable":true,"href":"https:\/\/novosaopaulo.com.br\/index.php\/wp-json\/wp\/v2\/tags?post=2713"}],"curies":[{"name":"wp","href":"https:\/\/api.w.org\/{rel}","templated":true}]}}