{"id":2688,"date":"2020-10-01T14:25:37","date_gmt":"2020-10-01T17:25:37","guid":{"rendered":"http:\/\/novosaopaulo.com.br\/?p=2688"},"modified":"2020-10-01T14:25:37","modified_gmt":"2020-10-01T17:25:37","slug":"jovens-jornalistas-de-mogi-sao-finalistas-de-premio-de-comunicacao","status":"publish","type":"post","link":"https:\/\/novosaopaulo.com.br\/index.php\/2020\/10\/01\/jovens-jornalistas-de-mogi-sao-finalistas-de-premio-de-comunicacao\/","title":{"rendered":"Jovens jornalistas de Mogi s\u00e3o finalistas de pr\u00eamio de Comunica\u00e7\u00e3o"},"content":{"rendered":"\n<p><em>Programa jornal\u00edstico especial j\u00e1 est\u00e1 entre os 5 melhores entre todos os inscritos e\u00a0apresenta o que \u00e9 a viol\u00eancia obst\u00e9trica, como o fen\u00f4meno ocorre, tipifica\u00e7\u00f5es, al\u00e9m de fatores de risco, por meio de dados previamente coletados e entrevistas<\/em><\/p>\n\n\n\n<p>O programa jornal\u00edstico especial \u201cEm Pauta\u201d, sobre viol\u00eancia obst\u00e9trica, est\u00e1 entre os finalistas do Expocom\/Intercom, principal congresso de comunica\u00e7\u00e3o do Brasil. Desenvolvido por estudantes da Universidade de Mogi das Cruzes (UMC), o programa foi classificado entre os 5 melhores de todas as institui\u00e7\u00f5es de ensino superior da regi\u00e3o Regi\u00e3o Sudeste, entre in\u00fameros trabalhos inscritos,&nbsp;inclusive de universidades federais. &nbsp;<\/p>\n\n\n\n<p>Resultado de um Trabalho de Conclus\u00e3o de Curso (TCC), o programa apresenta o que \u00e9 a viol\u00eancia obst\u00e9trica, como o fen\u00f4meno ocorre, tipifica\u00e7\u00f5es, al\u00e9m de fatores de risco, por meio de dados previamente coletados e entrevistas.&nbsp; &nbsp;<\/p>\n\n\n\n<p>O trabalho foi produzido por Daniela Souza, Ingrid Mariano, Melissa Roberta e F\u00e1bio Palodette, alunos do curso de Jornalismo da UMC, sob a orienta\u00e7\u00e3o do professor e mestre H\u00e9rcules Moreira.&nbsp; &nbsp;<\/p>\n\n\n\n<p>A produ\u00e7\u00e3o dos jovens jornalistas de Mogi, que j\u00e1 conclu\u00edram a faculdade e colaram grau no in\u00edcio deste ano, conta hist\u00f3rias de mulheres reais que viveram momentos de agress\u00e3o durante o pr\u00e9-parto, parto e p\u00f3s-parto, dentro da rede p\u00fablica e privada de sa\u00fade no sudeste do Brasil \u2013 algo que tamb\u00e9m ocorre em todo o pa\u00eds. Tamb\u00e9m exp\u00f5e relatos e diferentes posicionamentos de profissionais especialistas na \u00e1rea que abordam aspectos do \u00e2mbito da sa\u00fade e jur\u00eddico.&nbsp; &nbsp;<\/p>\n\n\n\n<p>A premia\u00e7\u00e3o ocorrer\u00e1 no dia 16 de outubro, em evento que, neste ano, em raz\u00e3o da pandemia, ser\u00e1 realizado em formato digital, no portal do Intercom Sudeste. No dia, al\u00e9m dos cinco finalistas, o Intercom\/Expocom anunciar\u00e1 o primeiro colocado, que representar\u00e1 o Sudeste do Pa\u00eds na etapa nacional. &nbsp;<\/p>\n\n\n\n<p>Em 2018, depois de vencer a etapa da regi\u00e3o sudeste, a ent\u00e3o&nbsp;aluna Magda Nathia conquistou o primeiro lugar do Intercom nacional&nbsp;com a reportagem &#8220;Desaparecidos: hist\u00f3rias sem fim&#8221;. Tamb\u00e9m sob orienta\u00e7\u00e3o do professor H\u00e9rcules Moreira, a melhor reportagem do Brasil concorreu na categoria telejornalismo e foi um marco na carreira da jovem jornalista. &nbsp;<\/p>\n","protected":false},"excerpt":{"rendered":"<div class=\"mh-excerpt\"><p>Programa jornal\u00edstico especial j\u00e1 est\u00e1 entre os 5 melhores entre todos os inscritos e apresenta o que \u00e9 a viol\u00eancia obst\u00e9trica<\/p>\n<\/div>","protected":false},"author":1,"featured_media":2689,"comment_status":"open","ping_status":"open","sticky":false,"template":"","format":"standard","meta":{"footnotes":""},"categories":[3],"tags":[25,14],"class_list":["post-2688","post","type-post","status-publish","format-standard","has-post-thumbnail","hentry","category-cidades","tag-capa","tag-mogi-das-cruzes"],"_links":{"self":[{"href":"https:\/\/novosaopaulo.com.br\/index.php\/wp-json\/wp\/v2\/posts\/2688"}],"collection":[{"href":"https:\/\/novosaopaulo.com.br\/index.php\/wp-json\/wp\/v2\/posts"}],"about":[{"href":"https:\/\/novosaopaulo.com.br\/index.php\/wp-json\/wp\/v2\/types\/post"}],"author":[{"embeddable":true,"href":"https:\/\/novosaopaulo.com.br\/index.php\/wp-json\/wp\/v2\/users\/1"}],"replies":[{"embeddable":true,"href":"https:\/\/novosaopaulo.com.br\/index.php\/wp-json\/wp\/v2\/comments?post=2688"}],"version-history":[{"count":1,"href":"https:\/\/novosaopaulo.com.br\/index.php\/wp-json\/wp\/v2\/posts\/2688\/revisions"}],"predecessor-version":[{"id":2690,"href":"https:\/\/novosaopaulo.com.br\/index.php\/wp-json\/wp\/v2\/posts\/2688\/revisions\/2690"}],"wp:featuredmedia":[{"embeddable":true,"href":"https:\/\/novosaopaulo.com.br\/index.php\/wp-json\/wp\/v2\/media\/2689"}],"wp:attachment":[{"href":"https:\/\/novosaopaulo.com.br\/index.php\/wp-json\/wp\/v2\/media?parent=2688"}],"wp:term":[{"taxonomy":"category","embeddable":true,"href":"https:\/\/novosaopaulo.com.br\/index.php\/wp-json\/wp\/v2\/categories?post=2688"},{"taxonomy":"post_tag","embeddable":true,"href":"https:\/\/novosaopaulo.com.br\/index.php\/wp-json\/wp\/v2\/tags?post=2688"}],"curies":[{"name":"wp","href":"https:\/\/api.w.org\/{rel}","templated":true}]}}