{"id":2556,"date":"2020-09-17T21:18:19","date_gmt":"2020-09-18T00:18:19","guid":{"rendered":"http:\/\/novosaopaulo.com.br\/?p=2556"},"modified":"2020-09-17T21:18:19","modified_gmt":"2020-09-18T00:18:19","slug":"pensar-global-agir-local-o-poder-do-consumo-consciente","status":"publish","type":"post","link":"https:\/\/novosaopaulo.com.br\/index.php\/2020\/09\/17\/pensar-global-agir-local-o-poder-do-consumo-consciente\/","title":{"rendered":"\u2018Pensar Global, Agir local\u2019: O poder do consumo consciente"},"content":{"rendered":"\n<p>A express\u00e3o \u201cPensar Global e Agir local\u201d j\u00e1 \u00e9 lema em muitas esferas de discuss\u00f5es pol\u00edticas, econ\u00f4micas, sobre sustentabilidade e solidariedade. O slogan prop\u00f5e pensar e refletir mais as a\u00e7\u00f5es respons\u00e1veis de empresas e consumidores em rela\u00e7\u00e3o ao planeta, mas tamb\u00e9m com uma conscientiza\u00e7\u00e3o quanto \u00e0s atitudes locais, como no bairro e na cidade em que se mora. \u00c9, de certa forma, um paradigma a ser quebrado. Como focar em pequenas atitudes visando impactar todo o globo?<\/p>\n\n\n\n<p>Redes de consumo local, de servi\u00e7os e produtos, crescem com essa tem\u00e1tica, tendo uma miss\u00e3o e uma proposta clara. Criar v\u00ednculos locais entre produtores, comerciantes e consumidores, a fim de minimizar os impactos ambientais, o consumo de combust\u00edveis f\u00f3sseis, e de outras demandas necess\u00e1rias no transporte de bens.<\/p>\n\n\n\n<p>Nesta pandemia da Covid 19 fala-se muito que a \u201cmelhor forma de cuidar do outro \u00e9 cuidar de si mesmo\u201d, por isso, a necessidade de se usar m\u00e1scara, \u00e1lcool em gel, manter o isolamento, dentre outras medidas. No intuito de proteger tamb\u00e9m as pessoas \u00e0 nossa volta.<\/p>\n\n\n\n<p>Devido ao fen\u00f4meno da globaliza\u00e7\u00e3o, muitos consumidores vinham sendo estimulados, sem perceber, a acreditar que para se ter bons produtos ou servi\u00e7os \u00e9 preciso buscar longe. E quase sempre, fora do seu pr\u00f3prio pa\u00eds: picanha argentina, caf\u00e9 colombiano, vinho italiano, pimenta da \u00edndia, jaqueta dos EUA. Tudo para se alcan\u00e7ar um padr\u00e3o de consumo ou status, que reflita os anseios pr\u00f3prios do comportamento humano.<\/p>\n\n\n\n<p>Por\u00e9m, muitas vezes, s\u00e3o ideias abundantes em consumismo, mas carentes de sentido ou finalidade. Afinal, o que vem de longe, \u201cde fora\u201d, \u00e9 \u201csuperior\u201d, \u201cchic\u201d, mais <em>cool<\/em>, mais legal e refinado, do que o aquilo que est\u00e1 pertinho de casa, ao alcance das m\u00e3os? Nem o google responde.<\/p>\n\n\n\n<p>\u00c9 necess\u00e1rio e fundamental criar, a partir da mudan\u00e7a do h\u00e1bito de consumo das pessoas, o pensar global, mas com foco na realidade local. \u00c9 importante comprar arroz dos plantadores da cidade vizinha, pois ali ser\u00e3o geradas novas riquezas que ir\u00e3o, at\u00e9 certo ponto, impactar e contribuir para que essas pessoas da zona rural se mantenham em suas propriedades e n\u00e3o precisem ir morar nas periferias das grandes cidades, como se tem visto. O \u00eaxodo rural, observado em larga escala nos anos de 70, 80 e 90, e ainda hoje, se d\u00e1 pela aus\u00eancia de redes locais de consumo e integra\u00e7\u00e3o entre produtores e consumidores.<\/p>\n\n\n\n<p>As grandes marcas e grifes, n\u00e3o em poucos casos, buscam o caminho inverso: procuram produzir apenas onde conseguem ter m\u00e3o de obra mais barata. Quem nunca comprou um t\u00eanis, ou vestu\u00e1rio, e observou a inscri\u00e7\u00e3o da etiqueta de algum pa\u00eds distante ou pouco desenvolvido? Nada contra o pa\u00eds, mas contra o modelo de neg\u00f3cio baseado apenas no lucro e consumismo que s\u00e3o impostos.<\/p>\n\n\n\n<p>O desafio, que muitos jovens j\u00e1 entenderam e colocam em pr\u00e1tica, \u00e9 deixar de lado o pensar global no sentido de consumo, mas enxergar o planeta como pequenos fluxos de vidas, fam\u00edlias, bairros e cidades. Se a minha e a sua cidade v\u00e3o bem, o planeta tender\u00e1 a caminhar melhor.<\/p>\n\n\n\n<p>A globaliza\u00e7\u00e3o das cadeias de suprimento global, necess\u00e1ria para algumas mercadorias e <em>commodities<\/em> como petr\u00f3leo, algod\u00e3o e trigo, em outros casos, pode ser substitu\u00edda pelo pequeno produtor da zona rural onde vivemos. Frutas, verduras, livrarias, papelarias e servi\u00e7os em geral podem estar a poucos quarteir\u00f5es da sua casa.<\/p>\n\n\n\n<p>Talvez, esses produtos, n\u00e3o sejam entregues por drones, ou em servi\u00e7os expressos de dois ou tr\u00eas dias de prazo. Por outro lado, podem sustentar o emprego da lojinha que sua tia trabalha, uma vez que s\u00e3o muito mais impactantes na manuten\u00e7\u00e3o de microempres\u00e1rios, considerados a base da economia brasileira.&nbsp;<\/p>\n\n\n\n<p>As redes locais de produtos e servi\u00e7os s\u00e3o uma resposta local que, a cada dia, como ideia, toma escala global. Ganha quem compra consciente e, mais ainda, quem vende local. Cidades inteligentes favorecem suas pr\u00f3prias cadeias de suprimentos, e se tornam positivamente impactantes, sustent\u00e1veis e socialmente solid\u00e1rias.<\/p>\n\n\n\n<p><em>* <\/em><strong><em>Prof. Ms. Bruno Cunha<\/em><\/strong><em>, mission\u00e1rio da Comunidade Can\u00e7\u00e3o Nova, \u00e9 economista, com 20 anos de experi\u00eancia em Finan\u00e7as, Macroeconomia, Mercado Financeiro, Educa\u00e7\u00e3o Financeira, Finan\u00e7as pessoais e Administra\u00e7\u00e3o Financeira e Or\u00e7ament\u00e1ria. Mestre em Desenvolvimento Regional pela UNITAU; MBA pela FGV e gradua\u00e7\u00e3o em Ci\u00eancias Econ\u00f4micas pela UFPE. Atualmente, professor e assistente de coordena\u00e7\u00e3o do curso de Administra\u00e7\u00e3o na FCN.<\/em><\/p>\n","protected":false},"excerpt":{"rendered":"<div class=\"mh-excerpt\"><p>A express\u00e3o \u201cPensar Global e Agir local\u201d j\u00e1 \u00e9 lema em muitas esferas de discuss\u00f5es pol\u00edticas, econ\u00f4micas, sobre sustentabilidade e solidariedade.<\/p>\n<\/div>","protected":false},"author":1,"featured_media":2557,"comment_status":"open","ping_status":"open","sticky":false,"template":"","format":"standard","meta":{"footnotes":""},"categories":[3],"tags":[],"class_list":["post-2556","post","type-post","status-publish","format-standard","has-post-thumbnail","hentry","category-cidades"],"_links":{"self":[{"href":"https:\/\/novosaopaulo.com.br\/index.php\/wp-json\/wp\/v2\/posts\/2556"}],"collection":[{"href":"https:\/\/novosaopaulo.com.br\/index.php\/wp-json\/wp\/v2\/posts"}],"about":[{"href":"https:\/\/novosaopaulo.com.br\/index.php\/wp-json\/wp\/v2\/types\/post"}],"author":[{"embeddable":true,"href":"https:\/\/novosaopaulo.com.br\/index.php\/wp-json\/wp\/v2\/users\/1"}],"replies":[{"embeddable":true,"href":"https:\/\/novosaopaulo.com.br\/index.php\/wp-json\/wp\/v2\/comments?post=2556"}],"version-history":[{"count":1,"href":"https:\/\/novosaopaulo.com.br\/index.php\/wp-json\/wp\/v2\/posts\/2556\/revisions"}],"predecessor-version":[{"id":2558,"href":"https:\/\/novosaopaulo.com.br\/index.php\/wp-json\/wp\/v2\/posts\/2556\/revisions\/2558"}],"wp:featuredmedia":[{"embeddable":true,"href":"https:\/\/novosaopaulo.com.br\/index.php\/wp-json\/wp\/v2\/media\/2557"}],"wp:attachment":[{"href":"https:\/\/novosaopaulo.com.br\/index.php\/wp-json\/wp\/v2\/media?parent=2556"}],"wp:term":[{"taxonomy":"category","embeddable":true,"href":"https:\/\/novosaopaulo.com.br\/index.php\/wp-json\/wp\/v2\/categories?post=2556"},{"taxonomy":"post_tag","embeddable":true,"href":"https:\/\/novosaopaulo.com.br\/index.php\/wp-json\/wp\/v2\/tags?post=2556"}],"curies":[{"name":"wp","href":"https:\/\/api.w.org\/{rel}","templated":true}]}}