{"id":2547,"date":"2020-09-17T21:12:43","date_gmt":"2020-09-18T00:12:43","guid":{"rendered":"http:\/\/novosaopaulo.com.br\/?p=2547"},"modified":"2020-09-17T21:12:43","modified_gmt":"2020-09-18T00:12:43","slug":"sinal-amarelo-para-o-suicidio","status":"publish","type":"post","link":"https:\/\/novosaopaulo.com.br\/index.php\/2020\/09\/17\/sinal-amarelo-para-o-suicidio\/","title":{"rendered":"Sinal amarelo para o suic\u00eddio"},"content":{"rendered":"\n<p>Por Alysson Coimbra<br>M\u00e9dico especialista em tr\u00e2nsito, coordenador da\u00a0Mobiliza\u00e7\u00e3o Nacional dos M\u00e9dicos e Psic\u00f3logos Especialistas em Tr\u00e2nsito<\/p>\n\n\n\n<p>A depress\u00e3o \u00e9 o mal do s\u00e9culo, uma epidemia cr\u00f4nica que, todos os anos, provoca a morte de cerca de 12 mil pessoas no Brasil. Dados da Organiza\u00e7\u00e3o Mundial da Sa\u00fade (OMS) mostram que o pa\u00eds \u00e9 o campe\u00e3o mundial em casos de transtorno de ansiedade e ocupa o segundo lugar em transtornos depressivos, um dos fatores que podem levar ao suic\u00eddio.<\/p>\n\n\n\n<p>No Setembro Amarelo, m\u00eas que alerta para a necessidade de cuidar da sa\u00fade mental, prevenir o suic\u00eddio e tirar todo o estigma e preconceito que cercam os problemas, \u00e9 indispens\u00e1vel discutir os mecanismos de avalia\u00e7\u00e3o m\u00e9dica e psicol\u00f3gica dos condutores de ve\u00edculos. A ci\u00eancia nos mostrou que altera\u00e7\u00f5es mentais podem interferir na capacidade de dirigir, aumentando os riscos de acidente e tamb\u00e9m dos casos de viol\u00eancia no tr\u00e2nsito. Mais que isso, os exames podem detectar precocemente transtornos mentais que incapacitam milhares de brasileiros para o trabalho.<\/p>\n\n\n\n<p>Atualmente, a avalia\u00e7\u00e3o da sa\u00fade mental dos motoristas comuns \u00e9 feita apenas no momento da habilita\u00e7\u00e3o, aos 18 anos. Nesta idade, as pessoas ainda est\u00e3o em fase de desenvolvimento de suas condi\u00e7\u00f5es biopsicossociais, por isso essa \u00fanica avalia\u00e7\u00e3o da sa\u00fade mental n\u00e3o \u00e9 suficiente para identificar precocemente condi\u00e7\u00f5es que amplificam riscos para todos os integrantes do Sistema Nacional de Tr\u00e2nsito.<\/p>\n\n\n\n<p>Para os condutores profissionais, esses exames s\u00e3o feitos periodicamente, no momento de renova\u00e7\u00e3o da Carteira Nacional de Habilita\u00e7\u00e3o (CNH). Mas, recentemente, o Congresso afrouxou as regras de tr\u00e2nsito, ampliando esse prazo, uma medida que certamente provocar\u00e1 o aumento das mortes e acidentes de tr\u00e2nsito.<\/p>\n\n\n\n<p>As avalia\u00e7\u00f5es feitas por m\u00e9dicos e psic\u00f3logos especialistas em Tr\u00e2nsito entendem a sa\u00fade como algo global, o que chamamos de modelo biopsicossocial, e t\u00eam o potencial de descobrir enfermidades e condi\u00e7\u00f5es que podem resultar em acidentes, brigas de tr\u00e2nsito, depress\u00e3o e o suic\u00eddio. A palavra-chave para salvar vidas \u00e9 a preven\u00e7\u00e3o.<\/p>\n\n\n\n<p>Parece incoerente ter um m\u00eas para discutir os transtornos mentais e o suic\u00eddio e n\u00e3o destacar a import\u00e2ncia da avalia\u00e7\u00e3o da sa\u00fade mental dos condutores. Por isso, a Mobiliza\u00e7\u00e3o Nacional dos M\u00e9dicos e Psic\u00f3logos Especialistas em Tr\u00e2nsito defende o Projeto de Lei 98\/2015, que prev\u00ea a avalia\u00e7\u00e3o psicol\u00f3gica a cada renova\u00e7\u00e3o da CNH.<\/p>\n\n\n\n<p>O PL 98\/2015 que est\u00e1 parado no Senado, representa um avan\u00e7o e pode salvar in\u00fameras vidas,pois permite identificar precocemente condi\u00e7\u00f5es psicol\u00f3gicas que alteram a capacidade de dirigir e de conviver harmoniosamente no tr\u00e2nsito.<\/p>\n\n\n\n<p>O que vemos nas ruas hoje corrobora a urg\u00eancia em cuidarmos melhor da sa\u00fade mental dos motoristas. A quarentena modificou a forma como os brasileiros vivem, se relacionam e se comportam no tr\u00e2nsito. Os ve\u00edculos passaram a ser cada vez mais utilizados e isso teve consequ\u00eancias no comportamento do motorista, com a exacerba\u00e7\u00e3o do perfil agressivo e individualista. Ao mesmo tempo, a pandemia provocou um aumento dos casos de ansiedade, depress\u00e3o e outros transtornos mentais.<\/p>\n\n\n\n<p>Neste Setembro Amarelo, mais do que nunca, \u00e9 o momento de ampliarmos nosso olhar para a sa\u00fade f\u00edsica e mental de nossos motoristas. \u00c9 a hora de abdicarmos de discursos corporativistas e polarizados em prol da preserva\u00e7\u00e3o de vidas no tr\u00e2nsito do Brasil.<\/p>\n","protected":false},"excerpt":{"rendered":"<div class=\"mh-excerpt\"><p>Por Alysson CoimbraM\u00e9dico especialista em tr\u00e2nsito, coordenador da\u00a0Mobiliza\u00e7\u00e3o Nacional dos M\u00e9dicos e Psic\u00f3logos Especialistas em Tr\u00e2nsito A depress\u00e3o \u00e9 o mal do s\u00e9culo, uma epidemia <a class=\"mh-excerpt-more\" href=\"https:\/\/novosaopaulo.com.br\/index.php\/2020\/09\/17\/sinal-amarelo-para-o-suicidio\/\" title=\"Sinal amarelo para o suic\u00eddio\">[&#8230;]<\/a><\/p>\n<\/div>","protected":false},"author":1,"featured_media":2548,"comment_status":"open","ping_status":"open","sticky":false,"template":"","format":"standard","meta":{"footnotes":""},"categories":[2,132],"tags":[],"class_list":["post-2547","post","type-post","status-publish","format-standard","has-post-thumbnail","hentry","category-geral","category-saude"],"_links":{"self":[{"href":"https:\/\/novosaopaulo.com.br\/index.php\/wp-json\/wp\/v2\/posts\/2547"}],"collection":[{"href":"https:\/\/novosaopaulo.com.br\/index.php\/wp-json\/wp\/v2\/posts"}],"about":[{"href":"https:\/\/novosaopaulo.com.br\/index.php\/wp-json\/wp\/v2\/types\/post"}],"author":[{"embeddable":true,"href":"https:\/\/novosaopaulo.com.br\/index.php\/wp-json\/wp\/v2\/users\/1"}],"replies":[{"embeddable":true,"href":"https:\/\/novosaopaulo.com.br\/index.php\/wp-json\/wp\/v2\/comments?post=2547"}],"version-history":[{"count":1,"href":"https:\/\/novosaopaulo.com.br\/index.php\/wp-json\/wp\/v2\/posts\/2547\/revisions"}],"predecessor-version":[{"id":2549,"href":"https:\/\/novosaopaulo.com.br\/index.php\/wp-json\/wp\/v2\/posts\/2547\/revisions\/2549"}],"wp:featuredmedia":[{"embeddable":true,"href":"https:\/\/novosaopaulo.com.br\/index.php\/wp-json\/wp\/v2\/media\/2548"}],"wp:attachment":[{"href":"https:\/\/novosaopaulo.com.br\/index.php\/wp-json\/wp\/v2\/media?parent=2547"}],"wp:term":[{"taxonomy":"category","embeddable":true,"href":"https:\/\/novosaopaulo.com.br\/index.php\/wp-json\/wp\/v2\/categories?post=2547"},{"taxonomy":"post_tag","embeddable":true,"href":"https:\/\/novosaopaulo.com.br\/index.php\/wp-json\/wp\/v2\/tags?post=2547"}],"curies":[{"name":"wp","href":"https:\/\/api.w.org\/{rel}","templated":true}]}}