{"id":247,"date":"2020-03-05T11:49:52","date_gmt":"2020-03-05T14:49:52","guid":{"rendered":"http:\/\/novosaopaulo.com.br\/?p=247"},"modified":"2020-03-05T11:49:52","modified_gmt":"2020-03-05T14:49:52","slug":"ferraz-capacita-150-farmaceuticos-sobre-coronavirus","status":"publish","type":"post","link":"https:\/\/novosaopaulo.com.br\/index.php\/2020\/03\/05\/ferraz-capacita-150-farmaceuticos-sobre-coronavirus\/","title":{"rendered":"Ferraz capacita 150 farmac\u00eauticos sobre coronav\u00edrus"},"content":{"rendered":"\n<p>A&nbsp;Secretaria&nbsp;de&nbsp;Sa\u00fade&nbsp;de&nbsp;Ferraz&nbsp;de&nbsp;Vasconcelos&nbsp;capacitou&nbsp;150&nbsp;pessoas&nbsp;sobre&nbsp;o&nbsp;Covid-19,&nbsp;tipo&nbsp;de&nbsp;coronav\u00edrus&nbsp;que&nbsp;chegou&nbsp;ao&nbsp;Brasil&nbsp;nos&nbsp;\u00faltimos&nbsp;dias&nbsp;com&nbsp;dois&nbsp;casos&nbsp;j\u00e1&nbsp;confirmados.&nbsp;As&nbsp;forma\u00e7\u00f5es&nbsp;ocorreram&nbsp;nos&nbsp;dias&nbsp;2&nbsp;e&nbsp;4&nbsp;de&nbsp;mar\u00e7o,&nbsp;no&nbsp;anfiteatro&nbsp;do&nbsp;Pal\u00e1cio&nbsp;da&nbsp;Uva&nbsp;It\u00e1lia,&nbsp;situado&nbsp;na&nbsp;Vila&nbsp;Roman\u00f3polis,&nbsp;e&nbsp;teve&nbsp;como&nbsp;objetivo&nbsp;orientar&nbsp;a&nbsp;forma&nbsp;correta&nbsp;de&nbsp;proceder&nbsp;frente&nbsp;a&nbsp;um&nbsp;poss\u00edvel&nbsp;caso&nbsp;da&nbsp;doen\u00e7a.&nbsp;<\/p>\n\n\n\n<p>Nos&nbsp;dias&nbsp;de&nbsp;curso,&nbsp;o&nbsp;p\u00fablico-alvo&nbsp;foram&nbsp;os&nbsp;farmac\u00eauticos&nbsp;tanto&nbsp;da&nbsp;rede&nbsp;como&nbsp;de&nbsp;farm\u00e1cias&nbsp;e&nbsp;drogarias&nbsp;da&nbsp;cidade&nbsp;e&nbsp;regi\u00e3o,&nbsp;apesar&nbsp;de&nbsp;profissionais&nbsp;de&nbsp;outras&nbsp;\u00e1reas&nbsp;da&nbsp;sa\u00fade&nbsp;tamb\u00e9m&nbsp;terem&nbsp;participado.&nbsp;V\u00e1rios&nbsp;munic\u00edpios&nbsp;do&nbsp;Alto&nbsp;Tiet\u00ea&nbsp;estiveram&nbsp;representados&nbsp;na&nbsp;oportunidade,&nbsp;bem&nbsp;como&nbsp;donos&nbsp;de&nbsp;redes&nbsp;de&nbsp;farm\u00e1cias,&nbsp;etc.&nbsp;<\/p>\n\n\n\n<p>Durante&nbsp;a&nbsp;capacita\u00e7\u00e3o,&nbsp;os&nbsp;presentes&nbsp;puderam&nbsp;se&nbsp;atualizar&nbsp;e&nbsp;aprender&nbsp;mais&nbsp;sobre&nbsp;a&nbsp;situa\u00e7\u00e3o&nbsp;epidemiol\u00f3gica&nbsp;da&nbsp;doen\u00e7a&nbsp;no&nbsp;Brasil&nbsp;e&nbsp;no&nbsp;mundo,&nbsp;medidas&nbsp;de&nbsp;precau\u00e7\u00e3o&nbsp;e&nbsp;controle,&nbsp;como&nbsp;ser\u00e1&nbsp;a&nbsp;notifica\u00e7\u00e3o&nbsp;e&nbsp;o&nbsp;fluxo&nbsp;dela&nbsp;e&nbsp;ainda&nbsp;como&nbsp;deve&nbsp;ser&nbsp;realizada&nbsp;a&nbsp;coleta&nbsp;laboratorial,&nbsp;entre&nbsp;outros&nbsp;pontos.&nbsp;Para&nbsp;isto,&nbsp;as&nbsp;palestrantes&nbsp;foram&nbsp;a&nbsp;farmac\u00eautica&nbsp;Ana&nbsp;Cristina&nbsp;Barbosa&nbsp;e&nbsp;a&nbsp;enfermeira&nbsp;Layane&nbsp;Martins&nbsp;Bezerra&nbsp;de&nbsp;Jesus,&nbsp;ambas&nbsp;da&nbsp;rede&nbsp;municipal.<\/p>\n\n\n\n<p>De&nbsp;acordo&nbsp;com&nbsp;o&nbsp;titular&nbsp;da&nbsp;pasta,&nbsp;Alo\u00edsio&nbsp;Lopes&nbsp;Priuli,&nbsp;o&nbsp;direcionamento&nbsp;deste&nbsp;curso&nbsp;ao&nbsp;p\u00fablico&nbsp;certo&nbsp;\u00e9&nbsp;essencial&nbsp;para&nbsp;o&nbsp;combate&nbsp;\u00e0&nbsp;falta&nbsp;de&nbsp;informa\u00e7\u00e3o&nbsp;e&nbsp;<em>fake&nbsp;news<\/em>&nbsp;sobre&nbsp;os&nbsp;v\u00edrus.&nbsp;\u201cCapacitamos&nbsp;quem&nbsp;est\u00e1&nbsp;na&nbsp;ponta,&nbsp;n\u00e3o&nbsp;s\u00f3&nbsp;na&nbsp;rede,&nbsp;mas&nbsp;quem&nbsp;tamb\u00e9m&nbsp;atende&nbsp;nas&nbsp;farm\u00e1cia,&nbsp;para&nbsp;que&nbsp;as&nbsp;informa\u00e7\u00f5es&nbsp;corretas&nbsp;sejam&nbsp;passadas.&nbsp;A&nbsp;popula\u00e7\u00e3o&nbsp;n\u00e3o&nbsp;pode&nbsp;ficar&nbsp;\u00e0s&nbsp;cegas&nbsp;ou&nbsp;ter&nbsp;informa\u00e7\u00f5es&nbsp;erradas&nbsp;sobre&nbsp;o&nbsp;v\u00edrus&nbsp;e&nbsp;sua&nbsp;preven\u00e7\u00e3o,&nbsp;por&nbsp;isso&nbsp;os&nbsp;presentes&nbsp;no&nbsp;curso&nbsp;foram&nbsp;escolhidos&nbsp;a&nbsp;dedo&nbsp;por&nbsp;\u00e1rea\u201d,&nbsp;afirmou&nbsp;Priuli.&nbsp;<\/p>\n\n\n\n<p>O&nbsp;prefeito&nbsp;Jos\u00e9&nbsp;Carlos&nbsp;Fernandes&nbsp;Chacon,&nbsp;o&nbsp;Z\u00e9&nbsp;Biruta,&nbsp;destacou&nbsp;o&nbsp;esfor\u00e7o&nbsp;da&nbsp;administra\u00e7\u00e3o&nbsp;em&nbsp;estar&nbsp;pronta&nbsp;caso&nbsp;algum&nbsp;paciente&nbsp;seja&nbsp;identificado&nbsp;como&nbsp;suspeito&nbsp;na&nbsp;cidade.&nbsp;\u201cAinda&nbsp;n\u00e3o&nbsp;temos&nbsp;casos&nbsp;confirmados&nbsp;ou&nbsp;suspeitos&nbsp;em&nbsp;Ferraz,&nbsp;mas&nbsp;se&nbsp;acontecer,&nbsp;estaremos&nbsp;prontos&nbsp;para&nbsp;atender&nbsp;os&nbsp;mun\u00edcipes&nbsp;de&nbsp;forma&nbsp;completa,&nbsp;sendo&nbsp;triagem,&nbsp;encaminhamento&nbsp;e&nbsp;atendimento&nbsp;humanizado\u201d,&nbsp;disse&nbsp;o&nbsp;chefe&nbsp;do&nbsp;Executivo&nbsp;ferrazense.&nbsp;<br><\/p>\n\n\n\n<p><strong>TEXTO:<\/strong>&nbsp;Leticia Riente &#8211; MTB: 87999 \/ SP<br><strong>F<\/strong><strong>OTOS:<\/strong><strong>&nbsp;<\/strong>Aur\u00e9lio Alves &#8211; MTB: 85280 \/ DeCom Ferraz\n\n<\/p>\n","protected":false},"excerpt":{"rendered":"<div class=\"mh-excerpt\"><p>A Secretaria de Sa\u00fade de Ferraz de Vasconcelos capacitou 150 pessoas sobre o Covid-19&#8230;<\/p>\n<\/div>","protected":false},"author":1,"featured_media":248,"comment_status":"open","ping_status":"open","sticky":false,"template":"","format":"standard","meta":{"footnotes":""},"categories":[3],"tags":[18],"class_list":["post-247","post","type-post","status-publish","format-standard","has-post-thumbnail","hentry","category-cidades","tag-ferraz"],"_links":{"self":[{"href":"https:\/\/novosaopaulo.com.br\/index.php\/wp-json\/wp\/v2\/posts\/247"}],"collection":[{"href":"https:\/\/novosaopaulo.com.br\/index.php\/wp-json\/wp\/v2\/posts"}],"about":[{"href":"https:\/\/novosaopaulo.com.br\/index.php\/wp-json\/wp\/v2\/types\/post"}],"author":[{"embeddable":true,"href":"https:\/\/novosaopaulo.com.br\/index.php\/wp-json\/wp\/v2\/users\/1"}],"replies":[{"embeddable":true,"href":"https:\/\/novosaopaulo.com.br\/index.php\/wp-json\/wp\/v2\/comments?post=247"}],"version-history":[{"count":1,"href":"https:\/\/novosaopaulo.com.br\/index.php\/wp-json\/wp\/v2\/posts\/247\/revisions"}],"predecessor-version":[{"id":249,"href":"https:\/\/novosaopaulo.com.br\/index.php\/wp-json\/wp\/v2\/posts\/247\/revisions\/249"}],"wp:featuredmedia":[{"embeddable":true,"href":"https:\/\/novosaopaulo.com.br\/index.php\/wp-json\/wp\/v2\/media\/248"}],"wp:attachment":[{"href":"https:\/\/novosaopaulo.com.br\/index.php\/wp-json\/wp\/v2\/media?parent=247"}],"wp:term":[{"taxonomy":"category","embeddable":true,"href":"https:\/\/novosaopaulo.com.br\/index.php\/wp-json\/wp\/v2\/categories?post=247"},{"taxonomy":"post_tag","embeddable":true,"href":"https:\/\/novosaopaulo.com.br\/index.php\/wp-json\/wp\/v2\/tags?post=247"}],"curies":[{"name":"wp","href":"https:\/\/api.w.org\/{rel}","templated":true}]}}