{"id":2449,"date":"2020-09-11T02:57:39","date_gmt":"2020-09-11T05:57:39","guid":{"rendered":"http:\/\/novosaopaulo.com.br\/?p=2449"},"modified":"2020-09-11T02:57:39","modified_gmt":"2020-09-11T05:57:39","slug":"professores-da-rede-municipal-participam-de-videoconferencia-sobre-direitos-da-infancia","status":"publish","type":"post","link":"https:\/\/novosaopaulo.com.br\/index.php\/2020\/09\/11\/professores-da-rede-municipal-participam-de-videoconferencia-sobre-direitos-da-infancia\/","title":{"rendered":"Professores da rede municipal participam de videoconfer\u00eancia sobre direitos da inf\u00e2ncia"},"content":{"rendered":"\n<p><em>Iniciativa faz parte do 1\u00ba F\u00f3rum Internacional de Educa\u00e7\u00e3o dos Munic\u00edpios do Alto Tiet\u00ea, que ter\u00e1 mais tr\u00eas encontros virtuais<\/em><\/p>\n\n\n\n<p>As \u201cPol\u00edticas P\u00fablicas Educacionais e os Direitos da Inf\u00e2ncia\u201d pautaram o debate com professores da rede municipal da regi\u00e3o no segundo encontro virtual do 1\u00ba F\u00f3rum Internacional de Educa\u00e7\u00e3o dos Munic\u00edpios do Alto Tiet\u00ea, realizado na noite da \u00faltima quarta-feira (09\/09). Organizado como espa\u00e7o de forma\u00e7\u00e3o, troca de experi\u00eancias e fortalecimento do trabalho educacional, o evento ter\u00e1 mais tr\u00eas videoconfer\u00eancias com a tem\u00e1tica \u201cEduca\u00e7\u00e3o Infantil:&nbsp; Desafios e perspectivas em tempos de pandemia\u201d, programadas para os pr\u00f3ximos dias 16, 23 e 30, numa promo\u00e7\u00e3o do CONDEMAT \u2013 Cons\u00f3rcio de Desenvolvimento dos Munic\u00edpios do Alto Tiet\u00ea.<\/p>\n\n\n\n<p>O debate ontem partiu das contribui\u00e7\u00f5es apresentadas pelos educadores Alexsandro Santos, diretor-presidente da Escola do Parlamento da C\u00e2mara Municipal de S\u00e3o Paulo, e Marcela Pardo, antrop\u00f3loga e coordenadora da \u00e1rea de Educa\u00e7\u00e3o Inicial do Centro de Pesquisa Avan\u00e7ada em Educa\u00e7\u00e3o da Universidade do Chile.<\/p>\n\n\n\n<p>\u201cH\u00e1 30 anos tivemos um grande avan\u00e7o com o Estatuto da Crian\u00e7a e do Adolescente, mas ainda hoje o Brasil n\u00e3o conseguiu que ele seja vivenciado plenamente. A classe, a cor de pele e a localidade ainda limitam o acesso de todos aos direitos da inf\u00e2ncia, quando cuidar, proteger e educar todas as crian\u00e7as \u00e9 cuidar, proteger e educar a humanidade\u201d, ressaltou Santos.<\/p>\n\n\n\n<p>Para o palestrante, as pol\u00edticas educacionais para honrar as crian\u00e7as precisam atender a quatro pilares: intersetorialidade, territorialidade, gest\u00e3o democr\u00e1tica e corresponsabiliza\u00e7\u00e3o. \u201cS\u00f3 boas inten\u00e7\u00f5es n\u00e3o materializam a pol\u00edtica p\u00fablica. \u00c9 preciso que o compromisso \u00e9tico e pol\u00edtico com a garantia efetiva dos direitos da inf\u00e2ncia seja coordenado com compet\u00eancia t\u00e9cnica e pedag\u00f3gica\u201d, afirmou Santos.<\/p>\n\n\n\n<p>Convidada internacional, a educadora Marcela Pardo apresentou um balan\u00e7o dos impactos da pandemia no Chile, que \u00e9 o s\u00e9timo pa\u00eds com mais mortos pela Covid-19 e onde as aulas presenciais nas escolas foram suspensas 10 dias ap\u00f3s o in\u00edcio do ano letivo.<\/p>\n\n\n\n<p>\u201cDiversas iniciativas foram desenvolvidas para a realiza\u00e7\u00e3o de atividades educacionais de forma remota, principalmente para sustentar a educa\u00e7\u00e3o de crian\u00e7as de zero a cinco anos. Mas uma das reflex\u00f5es j\u00e1 poss\u00edveis \u00e9 que a educa\u00e7\u00e3o remota n\u00e3o \u00e9 suficiente porque crian\u00e7as pequenas aprendem mediante a experi\u00eancia direta com o entorno\u201d, concluiu Marcela.<\/p>\n\n\n\n<p>Na pr\u00f3xima quarta-feira, a terceira sess\u00e3o o 1\u00ba F\u00f3rum Internacional dos Munic\u00edpios do Alto Tiet\u00ea vai abordar o tema \u201cComo a pandemia rem afetado as crian\u00e7as e como os educadores devem se preparar\u201d, com a participa\u00e7\u00e3o dos educadores Fernando Mazzilli Louzada e M\u00e1rcia Gil.&nbsp;<\/p>\n\n\n\n<p>A iniciativa re\u00fane mais de seis mil professores das secretarias municipais de Educa\u00e7\u00e3o de Aruj\u00e1, Biritiba Mirim, Ferraz de Vasconcelos, Guararema, Guarulhos, Itaquaquecetuba, Sales\u00f3polis, Santa Isabel e Suzano, com o apoio da Organiza\u00e7\u00e3o das Na\u00e7\u00f5es Unidas para a Educa\u00e7\u00e3o, a Ci\u00eancia e a Cultura (Unesco), Organiza\u00e7\u00e3o dos Estados Ibero-americanos para a Educa\u00e7\u00e3o, a Ci\u00eancia e a Cultura (OEI), Uni\u00e3o dos Dirigentes Municipais de Educa\u00e7\u00e3o do Estado de S\u00e3o Paulo (UNDIME-SP), Ita\u00fa Social, Funda\u00e7\u00e3o Maria Cecilia Souto Vidigal, Funda\u00e7\u00e3o Lemann, Funda\u00e7\u00e3o Santillana, Funda\u00e7\u00e3o Vanzolini, Funda\u00e7\u00e3o SM, Movimento pela Base Nacional Comum Curricular e Universidade Nove de Julho (Uninove).<\/p>\n","protected":false},"excerpt":{"rendered":"<div class=\"mh-excerpt\"><p>Iniciativa faz parte do 1\u00ba F\u00f3rum Internacional de Educa\u00e7\u00e3o dos Munic\u00edpios do Alto Tiet\u00ea, que ter\u00e1 mais tr\u00eas encontros virtuais<\/p>\n<\/div>","protected":false},"author":1,"featured_media":2450,"comment_status":"open","ping_status":"open","sticky":false,"template":"","format":"standard","meta":{"footnotes":""},"categories":[3],"tags":[],"class_list":["post-2449","post","type-post","status-publish","format-standard","has-post-thumbnail","hentry","category-cidades"],"_links":{"self":[{"href":"https:\/\/novosaopaulo.com.br\/index.php\/wp-json\/wp\/v2\/posts\/2449"}],"collection":[{"href":"https:\/\/novosaopaulo.com.br\/index.php\/wp-json\/wp\/v2\/posts"}],"about":[{"href":"https:\/\/novosaopaulo.com.br\/index.php\/wp-json\/wp\/v2\/types\/post"}],"author":[{"embeddable":true,"href":"https:\/\/novosaopaulo.com.br\/index.php\/wp-json\/wp\/v2\/users\/1"}],"replies":[{"embeddable":true,"href":"https:\/\/novosaopaulo.com.br\/index.php\/wp-json\/wp\/v2\/comments?post=2449"}],"version-history":[{"count":1,"href":"https:\/\/novosaopaulo.com.br\/index.php\/wp-json\/wp\/v2\/posts\/2449\/revisions"}],"predecessor-version":[{"id":2451,"href":"https:\/\/novosaopaulo.com.br\/index.php\/wp-json\/wp\/v2\/posts\/2449\/revisions\/2451"}],"wp:featuredmedia":[{"embeddable":true,"href":"https:\/\/novosaopaulo.com.br\/index.php\/wp-json\/wp\/v2\/media\/2450"}],"wp:attachment":[{"href":"https:\/\/novosaopaulo.com.br\/index.php\/wp-json\/wp\/v2\/media?parent=2449"}],"wp:term":[{"taxonomy":"category","embeddable":true,"href":"https:\/\/novosaopaulo.com.br\/index.php\/wp-json\/wp\/v2\/categories?post=2449"},{"taxonomy":"post_tag","embeddable":true,"href":"https:\/\/novosaopaulo.com.br\/index.php\/wp-json\/wp\/v2\/tags?post=2449"}],"curies":[{"name":"wp","href":"https:\/\/api.w.org\/{rel}","templated":true}]}}