{"id":214,"date":"2020-03-02T14:46:28","date_gmt":"2020-03-02T17:46:28","guid":{"rendered":"http:\/\/novosaopaulo.com.br\/?p=214"},"modified":"2020-03-02T14:46:28","modified_gmt":"2020-03-02T17:46:28","slug":"jardim-belem-entra-em-nova-etapa-de-regularizacao-fundiaria","status":"publish","type":"post","link":"https:\/\/novosaopaulo.com.br\/index.php\/2020\/03\/02\/jardim-belem-entra-em-nova-etapa-de-regularizacao-fundiaria\/","title":{"rendered":"Jardim Bel\u00e9m entra em nova etapa de regulariza\u00e7\u00e3o fundi\u00e1ria"},"content":{"rendered":"\n<p><em>Ser\u00e3o beneficiados propriet\u00e1rios de 245 im\u00f3veis; neste fim de semana come\u00e7a a coleta de documentos para o registro das matr\u00edculas em cart\u00f3rio<\/em><br><\/p>\n\n\n\n<p>A Prefeitura de Suzano iniciou uma nova fase do processo de regulariza\u00e7\u00e3o fundi\u00e1ria de 245 lotes do Jardim Bel\u00e9m. Neste final de semana (29\/02 e 01\/03) e na pr\u00f3xima segunda-feira (02\/03), por meio do cadastro social, ser\u00e3o coletados documentos e informa\u00e7\u00f5es dos propriet\u00e1rios para o registro das matr\u00edculas dos im\u00f3veis em cart\u00f3rio, como exige o programa Cidade Legal, do governo do Estado.<\/p>\n\n\n\n<p>Todo o procedimento foi exposto aos moradores em reuni\u00e3o no bairro, no \u00faltimo s\u00e1bado (22\/02), conduzida pelo diretor municipal de Habita\u00e7\u00e3o, Miguel Reis Afonso, e que contou com as presen\u00e7as do prefeito Rodrigo Ashiuchi e dos vereadores Joaquim Rosa e Jos\u00e9 Carlos de Souza Nascimento, presidente e vice da C\u00e2mara de Suzano, respectivamente.&nbsp;<br><br><\/p>\n\n\n\n<p>Na oportunidade foi relatada a import\u00e2ncia de separar documentos (originais e c\u00f3pias) previamente, para garantir celeridade do processo: RG, CPF, certid\u00e3o de casamento, escritura de uni\u00e3o est\u00e1vel (se houver), certid\u00e3o de \u00f3bito (se for vi\u00favo), comprovante de resid\u00eancia e comprovante de aquisi\u00e7\u00e3o do im\u00f3vel.<\/p>\n\n\n\n<p>\u201cA regulariza\u00e7\u00e3o de loteamentos em um bairro \u00e9 de grande import\u00e2ncia, pois pode gerar mais receita ao munic\u00edpio, al\u00e9m de garantir a conquista e o direito de melhorias no bairro em todos os setores aos moradores. Por isso, pe\u00e7o o apoio de todos os envolvidos para finalizar este processo o quanto antes\u201d, disse o prefeito.<\/p>\n\n\n\n<p>Regulariza\u00e7\u00e3o fundi\u00e1ria \u00e9 o conjunto de medidas jur\u00eddicas, urban\u00edsticas, ambientais e sociais que visam a legaliza\u00e7\u00e3o de assentamentos e a titula\u00e7\u00e3o de seus ocupantes, de modo a garantir o direito \u00e0 moradia e ao meio ambiente ecologicamente equilibrado e tamb\u00e9m o pleno desenvolvimento das fun\u00e7\u00f5es sociais da propriedade urbana.<\/p>\n\n\n\n<p>Nos mesmos moldes, o Cidade Legal j\u00e1 beneficiou 18 fam\u00edlias do Jardim Monte Sion, que receberam o t\u00edtulo de regulariza\u00e7\u00e3o em setembro de 2019. J\u00e1 920 im\u00f3veis da Vila F\u00e1tima, em Palmeiras, se encontram no mesmo processo iniciado em outubro de 2019. A Vila Barros tamb\u00e9m ser\u00e1 contemplada pelo programa.<\/p>\n\n\n\n<p>Cr\u00e9dito das fotos: Wanderley Costa\/Secop Suzano<\/p>\n","protected":false},"excerpt":{"rendered":"<div class=\"mh-excerpt\"><p>Ser\u00e3o beneficiados propriet\u00e1rios de 245 im\u00f3veis; neste fim de semana come\u00e7a a coleta de documentos para o registro das matr\u00edculas em cart\u00f3rio<\/p>\n<\/div>","protected":false},"author":1,"featured_media":215,"comment_status":"open","ping_status":"open","sticky":false,"template":"","format":"standard","meta":{"footnotes":""},"categories":[3],"tags":[27],"class_list":["post-214","post","type-post","status-publish","format-standard","has-post-thumbnail","hentry","category-cidades","tag-suzano"],"_links":{"self":[{"href":"https:\/\/novosaopaulo.com.br\/index.php\/wp-json\/wp\/v2\/posts\/214"}],"collection":[{"href":"https:\/\/novosaopaulo.com.br\/index.php\/wp-json\/wp\/v2\/posts"}],"about":[{"href":"https:\/\/novosaopaulo.com.br\/index.php\/wp-json\/wp\/v2\/types\/post"}],"author":[{"embeddable":true,"href":"https:\/\/novosaopaulo.com.br\/index.php\/wp-json\/wp\/v2\/users\/1"}],"replies":[{"embeddable":true,"href":"https:\/\/novosaopaulo.com.br\/index.php\/wp-json\/wp\/v2\/comments?post=214"}],"version-history":[{"count":1,"href":"https:\/\/novosaopaulo.com.br\/index.php\/wp-json\/wp\/v2\/posts\/214\/revisions"}],"predecessor-version":[{"id":216,"href":"https:\/\/novosaopaulo.com.br\/index.php\/wp-json\/wp\/v2\/posts\/214\/revisions\/216"}],"wp:featuredmedia":[{"embeddable":true,"href":"https:\/\/novosaopaulo.com.br\/index.php\/wp-json\/wp\/v2\/media\/215"}],"wp:attachment":[{"href":"https:\/\/novosaopaulo.com.br\/index.php\/wp-json\/wp\/v2\/media?parent=214"}],"wp:term":[{"taxonomy":"category","embeddable":true,"href":"https:\/\/novosaopaulo.com.br\/index.php\/wp-json\/wp\/v2\/categories?post=214"},{"taxonomy":"post_tag","embeddable":true,"href":"https:\/\/novosaopaulo.com.br\/index.php\/wp-json\/wp\/v2\/tags?post=214"}],"curies":[{"name":"wp","href":"https:\/\/api.w.org\/{rel}","templated":true}]}}