{"id":2116,"date":"2020-08-26T13:36:42","date_gmt":"2020-08-26T16:36:42","guid":{"rendered":"http:\/\/novosaopaulo.com.br\/?p=2116"},"modified":"2020-08-26T13:36:42","modified_gmt":"2020-08-26T16:36:42","slug":"festival-online-opereta-comeca-nesta-quarta-feira","status":"publish","type":"post","link":"https:\/\/novosaopaulo.com.br\/index.php\/2020\/08\/26\/festival-online-opereta-comeca-nesta-quarta-feira\/","title":{"rendered":"Festival Online Opereta come\u00e7a nesta quarta-feira"},"content":{"rendered":"\n<p>Programa\u00e7\u00e3o re\u00fane 45 apresenta\u00e7\u00f5es com v\u00e1rios segmentos art\u00edsticos, palestras e oficinas que ser\u00e3o transmitidas pela internet<\/p>\n\n\n\n<p>Come\u00e7a nesta quarta-feira, \u00e0s 20 horas, a maratona de apresenta\u00e7\u00f5es do Festival Online \u2013 Opereta 26 anos. At\u00e9 o dia 10 de setembro ser\u00e3o 45 exibi\u00e7\u00f5es, entre lives, v\u00eddeos e palestras transmitidas pela p\u00e1gina do Espa\u00e7o Cultural Opereta, no Facebook. Quem abre os trabalhos no dia 26 \u00e9 a dupla Duo Karvalho, que vai apresentar um repert\u00f3rio bem variado, do rock ao MPB. A classifica\u00e7\u00e3o indicativa do musical \u00e9 livre.<br>O Festival Online Opereta superou as expectativas e atingiu um total de 53 inscritos de diversos segmentos art\u00edsticos e de forma\u00e7\u00e3o cultural. O p\u00fablico ter\u00e1 uma programa\u00e7\u00e3o bem diversa com apresenta\u00e7\u00f5es que v\u00e3o da m\u00fasica ao teatro, passando pela dan\u00e7a, cinema, produ\u00e7\u00f5es audiovisuais, performances, leituras dram\u00e1ticas, experimentos c\u00eanicos, al\u00e9m de palestras e oficinas.<br>A comiss\u00e3o organizadora analisou todos os crit\u00e9rios exigidos em edital de chamamento para participa\u00e7\u00e3o do festival e valorizou a diversidade cultural e o talento regional para compor esta programa\u00e7\u00e3o. Cada grupo, artista ou palestrante receber\u00e1 um cach\u00ea de R$ 350 por apresenta\u00e7\u00e3o. Este valor s\u00f3 foi poss\u00edvel ap\u00f3s a Associa\u00e7\u00e3o Cultural Opereta ter sido contemplada com uma emenda municipal. Parte dos recursos est\u00e3o sendo utilizados para pagar esses trabalhadores, duramente afetados pela suspens\u00e3o de suas atividades neste per\u00edodo de pandemia.<\/p>\n\n\n\n<p>Programa\u00e7\u00e3o<br>Nesta semana, o Festival Online Opereta ter\u00e1 nesta quinta-feira (27), \u00e0s 20 horas, \u201cHist\u00f3ria da M\u00fasica do Alto Tiet\u00ea\u201d, com o Paulo Betzler, que apresenta em lives m\u00fasicos da regi\u00e3o em entrevistas para falarem e cantarem as m\u00fasicas e feitura de seus discos, contando as hist\u00f3rias que envolveram as grava\u00e7\u00f5es, lan\u00e7amento e repercuss\u00e3o. Na sexta (28), Vanderlei Gomes far\u00e1 a palestra Educa\u00e7\u00e3o Musical e Percuss\u00e3o, \u00e0s 16 horas. \u00c0s 19h30 ser\u00e1 o show \u201cCantos para Despandemizar o Dia\u201d, do artista Brendo de Lima. Na sequ\u00eancia, \u00e0s 20h30, Thiago Costa apresenta o trabalho autoral do novo CD \u201cSeu Sil\u00eancio\u201d, que ser\u00e1 lan\u00e7ado em novembro. A classifica\u00e7\u00e3o indicativa deste show \u00e9 de 14 anos.<br>No s\u00e1bado, o Festival embarca no teatro. Carlos Rei encena, \u00e0s 20 horas, \u201cAquele para H\u00e9teros\u201d, dirigido por Bia Moraca. A leitura dram\u00e1tica traz um texto \u00e1cido e mordaz de como a sociedade patriarcal engessa as rela\u00e7\u00f5es, e discute os comportamentos do g\u00eanero homem heterossexual. A classifica\u00e7\u00e3o \u00e9 de 16 anos. \u00c0s 21h, \u00e9 a vez da Cia. do Esc\u00e2ndalo trazer \u201cIntoler\u00e2ncia\u201d, outra leitura dram\u00e1tica, esta realizada pelo ator Manoel Mesquita Junior. A obra trata da crescente viol\u00eancia na sociedade moderna brasileira e conta a hist\u00f3ria de um cidad\u00e3o urbano de classe m\u00e9dia que atirou num motoboy ap\u00f3s um acidente de tr\u00e2nsito. Toda a trama trata dos conflitos do atirador nas horas imediatamente posteriores ao fato e discutem tamb\u00e9m os limites do direito individual de cada um. A classifica\u00e7\u00e3o \u00e9 de 12 anos.<br>No domingo, \u00e0s 15 horas, a youtuber e mentora de projetos criativos Rose Meusburger fala sobre a Lei Aldir Blanc. O que \u00e9 e como funciona a lei nos munic\u00edpios? Quem tem direito e como as verbas ser\u00e3o repassadas? Como o cidad\u00e3o comum, trabalhador da cultura pode fiscalizar os repasses?, essas e outras quest\u00f5es ser\u00e3o respondidas na palestra. Mais tarde, \u00e0s 18h, a Cia. de Artes e Dan\u00e7as Corpu\u2019s Dance apresenta \u201cAo se falar de amor\u201d, que apresenta cenas e performances da evolu\u00e7\u00e3o do tema sobre o tempo, suas dificuldades e a oportunidade de recome\u00e7ar. A classifica\u00e7\u00e3o \u00e9 livre.<br>\u00c0s 19h, \u00e9 a vez de m\u00fasica no festival com Arley MC, que apresenta um trabalho voltado ao rap\/trap\/funk, onde aborda diversos temas como entretenimento, cultura hip hop e temas sociais em suas letras. Classifica\u00e7\u00e3o 16 anos. Em seguida, \u00e0s 20h, Nat\u00e1lia Giro traz Teatro em A\u00e7\u00e3o &amp; Poesia, Tempos de Distanciamento Social e Proximidade Criativa.<\/p>\n\n\n\n<p>SERVI\u00c7O<br>Festival Online \u2013 Opereta 26 anos<br>Data: De 26\/08 a 10\/09<br>Hor\u00e1rio: Consulte programa\u00e7\u00e3o<br>Link: facebook.com\/EspacoCulturalOpereta<\/p>\n","protected":false},"excerpt":{"rendered":"<div class=\"mh-excerpt\"><p>Programa\u00e7\u00e3o re\u00fane 45 apresenta\u00e7\u00f5es com v\u00e1rios segmentos art\u00edsticos, palestras e oficinas que ser\u00e3o transmitidas pela internet<\/p>\n<\/div>","protected":false},"author":1,"featured_media":2116,"comment_status":"open","ping_status":"open","sticky":false,"template":"","format":"standard","meta":{"footnotes":""},"categories":[3,6],"tags":[65],"class_list":["post-2116","post","type-post","status-publish","format-standard","has-post-thumbnail","hentry","category-cidades","category-cultura","tag-opereta"],"_links":{"self":[{"href":"https:\/\/novosaopaulo.com.br\/index.php\/wp-json\/wp\/v2\/posts\/2116"}],"collection":[{"href":"https:\/\/novosaopaulo.com.br\/index.php\/wp-json\/wp\/v2\/posts"}],"about":[{"href":"https:\/\/novosaopaulo.com.br\/index.php\/wp-json\/wp\/v2\/types\/post"}],"author":[{"embeddable":true,"href":"https:\/\/novosaopaulo.com.br\/index.php\/wp-json\/wp\/v2\/users\/1"}],"replies":[{"embeddable":true,"href":"https:\/\/novosaopaulo.com.br\/index.php\/wp-json\/wp\/v2\/comments?post=2116"}],"version-history":[{"count":1,"href":"https:\/\/novosaopaulo.com.br\/index.php\/wp-json\/wp\/v2\/posts\/2116\/revisions"}],"predecessor-version":[{"id":2118,"href":"https:\/\/novosaopaulo.com.br\/index.php\/wp-json\/wp\/v2\/posts\/2116\/revisions\/2118"}],"wp:featuredmedia":[{"embeddable":true,"href":"https:\/\/novosaopaulo.com.br\/index.php\/wp-json\/wp\/v2\/posts\/2116"}],"wp:attachment":[{"href":"https:\/\/novosaopaulo.com.br\/index.php\/wp-json\/wp\/v2\/media?parent=2116"}],"wp:term":[{"taxonomy":"category","embeddable":true,"href":"https:\/\/novosaopaulo.com.br\/index.php\/wp-json\/wp\/v2\/categories?post=2116"},{"taxonomy":"post_tag","embeddable":true,"href":"https:\/\/novosaopaulo.com.br\/index.php\/wp-json\/wp\/v2\/tags?post=2116"}],"curies":[{"name":"wp","href":"https:\/\/api.w.org\/{rel}","templated":true}]}}