{"id":2075,"date":"2020-08-18T18:45:58","date_gmt":"2020-08-18T21:45:58","guid":{"rendered":"http:\/\/novosaopaulo.com.br\/?p=2075"},"modified":"2020-08-18T18:45:58","modified_gmt":"2020-08-18T21:45:58","slug":"representante-do-condemat-assume-coordenacao-do-subcomite-de-bacia-do-alto-tiete-cabeceiras","status":"publish","type":"post","link":"https:\/\/novosaopaulo.com.br\/index.php\/2020\/08\/18\/representante-do-condemat-assume-coordenacao-do-subcomite-de-bacia-do-alto-tiete-cabeceiras\/","title":{"rendered":"Representante do CONDEMAT assume coordena\u00e7\u00e3o do Subcomit\u00ea de Bacia do Alto Tiet\u00ea Cabeceiras"},"content":{"rendered":"\n<p>Solange Wuo, da C\u00e2mara T\u00e9cnica de Gest\u00e3o Ambiental e Desenvolvimento Sustent\u00e1vel, destaca import\u00e2ncia do alinhamento regional e fortalecimento de pautas comuns, como Plano de Gest\u00e3o de Res\u00edduos S\u00f3lidos e desassoreamento de rios<\/p>\n\n\n\n<p>Adjunta na coordena\u00e7\u00e3o da C\u00e2mara T\u00e9cnica de Gest\u00e3o Ambiental e Desenvolvimento Sustent\u00e1vel do CONDEMAT \u2013 Cons\u00f3rcio de Desenvolvimento dos Munic\u00edpios do Alto Tiet\u00ea, Solange Wuo \u00e9 a nova coordenadora do Subcomit\u00ea ATC &#8211; Alto Tiet\u00ea Cabeceiras, instalado na \u00faltima segunda-feira (17\/08). A indica\u00e7\u00e3o teve o aval dos munic\u00edpios, sociedade civil e Governo do Estado.<\/p>\n\n\n\n<div class=\"wp-block-image\"><figure class=\"alignleft size-large\"><img loading=\"lazy\" decoding=\"async\" width=\"240\" height=\"312\" src=\"http:\/\/novosaopaulo.com.br\/wp-content\/uploads\/2020\/08\/WhatsApp-Image-2020-08-18-at-16.40.42-1.jpeg\" alt=\"\" class=\"wp-image-2078\" srcset=\"https:\/\/novosaopaulo.com.br\/wp-content\/uploads\/2020\/08\/WhatsApp-Image-2020-08-18-at-16.40.42-1.jpeg 240w, https:\/\/novosaopaulo.com.br\/wp-content\/uploads\/2020\/08\/WhatsApp-Image-2020-08-18-at-16.40.42-1-231x300.jpeg 231w\" sizes=\"(max-width: 240px) 100vw, 240px\" \/><\/figure><\/div>\n\n\n\n<p><br>Bra\u00e7o do Comit\u00ea de Bacia Hidrogr\u00e1fica do Alto Tiet\u00ea, o Subcomit\u00ea ATC re\u00fane 11 munic\u00edpios \u2013 S\u00e3o Paulo, Guarulhos, Itaquaquecetuba, Ferraz de Vasconcelos, Po\u00e1, Suzano, Mogi das Cruzes, Biritiba Mirim, Sales\u00f3polis, Paraibuna e Ribeir\u00e3o Pires \u2013 e tem a proposta de articular a\u00e7\u00f5es a partir do debate, dentro do pr\u00f3prio territ\u00f3rio, das prioridades regionais.<br>\u201cOito dos 11 munic\u00edpios do Subcomit\u00ea pertencem ao CONDEMAT, onde a articula\u00e7\u00e3o dos t\u00e9cnicos tem possibilitado avan\u00e7os ambientais importantes para o Alto Tiet\u00ea. A presen\u00e7a de um representante do Cons\u00f3rcio na coordena\u00e7\u00e3o do Subcomit\u00ea vai fortalecer o alinhamento regional at\u00e9 porque muitas das pautas s\u00e3o comuns, como a constru\u00e7\u00e3o do Plano Regional de Res\u00edduos S\u00f3lidos, o desassoreamento dos rios e o pagamento por servi\u00e7os ambientais\u201d, aponta Solange Wuo, que representa a cidade de Suzano na C\u00e2mara T\u00e9cnica do CONDEMAT.<br>\u201cAgora teremos mais um f\u00f3rum importante para tratar das prioridades da regi\u00e3o e uma articula\u00e7\u00e3o mais pr\u00f3xima do Comit\u00ea, onde s\u00e3o tomadas as decis\u00f5es de projetos e investimentos dentro da Bacia do Alto Tiet\u00ea, que re\u00fane 36 cidades e onde est\u00e1 vinculado o Fehidro (Fundo Estadual de Recursos H\u00eddricos)\u201d, acrescenta.<br>A instala\u00e7\u00e3o do Subcomit\u00ea se d\u00e1 dentro do bi\u00eanio 2019\/2021 e, al\u00e9m da coordenadora geral Solange Wuo, foram indicados os representantes da sociedade civil Ricardo Aguiar Quadros, da Diretoria Alto Tiet\u00ea do Ciesp (Centro das Ind\u00fastrias do Estado de S\u00e3o Paulo), e do Governo do Estado Josu\u00e9 Barranco, engenheiro do DAEE (Departamento de \u00c1guas e Energia El\u00e9trica).<br>A elei\u00e7\u00e3o dos representantes ocorreu durante videoconfer\u00eancia com o presidente do Comit\u00ea de Bacia, Amaury Pollachi, e o secret\u00e1rio executivo Luiz Fernando Carneseca.<\/p>\n","protected":false},"excerpt":{"rendered":"<div class=\"mh-excerpt\"><p>Solange Wuo, da C\u00e2mara T\u00e9cnica de Gest\u00e3o Ambiental e Desenvolvimento Sustent\u00e1vel<\/p>\n<\/div>","protected":false},"author":1,"featured_media":2076,"comment_status":"open","ping_status":"open","sticky":false,"template":"","format":"standard","meta":{"footnotes":""},"categories":[3],"tags":[97],"class_list":["post-2075","post","type-post","status-publish","format-standard","has-post-thumbnail","hentry","category-cidades","tag-condemat"],"_links":{"self":[{"href":"https:\/\/novosaopaulo.com.br\/index.php\/wp-json\/wp\/v2\/posts\/2075"}],"collection":[{"href":"https:\/\/novosaopaulo.com.br\/index.php\/wp-json\/wp\/v2\/posts"}],"about":[{"href":"https:\/\/novosaopaulo.com.br\/index.php\/wp-json\/wp\/v2\/types\/post"}],"author":[{"embeddable":true,"href":"https:\/\/novosaopaulo.com.br\/index.php\/wp-json\/wp\/v2\/users\/1"}],"replies":[{"embeddable":true,"href":"https:\/\/novosaopaulo.com.br\/index.php\/wp-json\/wp\/v2\/comments?post=2075"}],"version-history":[{"count":1,"href":"https:\/\/novosaopaulo.com.br\/index.php\/wp-json\/wp\/v2\/posts\/2075\/revisions"}],"predecessor-version":[{"id":2079,"href":"https:\/\/novosaopaulo.com.br\/index.php\/wp-json\/wp\/v2\/posts\/2075\/revisions\/2079"}],"wp:featuredmedia":[{"embeddable":true,"href":"https:\/\/novosaopaulo.com.br\/index.php\/wp-json\/wp\/v2\/media\/2076"}],"wp:attachment":[{"href":"https:\/\/novosaopaulo.com.br\/index.php\/wp-json\/wp\/v2\/media?parent=2075"}],"wp:term":[{"taxonomy":"category","embeddable":true,"href":"https:\/\/novosaopaulo.com.br\/index.php\/wp-json\/wp\/v2\/categories?post=2075"},{"taxonomy":"post_tag","embeddable":true,"href":"https:\/\/novosaopaulo.com.br\/index.php\/wp-json\/wp\/v2\/tags?post=2075"}],"curies":[{"name":"wp","href":"https:\/\/api.w.org\/{rel}","templated":true}]}}