{"id":199,"date":"2020-03-02T14:35:44","date_gmt":"2020-03-02T17:35:44","guid":{"rendered":"http:\/\/novosaopaulo.com.br\/?p=199"},"modified":"2020-03-02T14:35:44","modified_gmt":"2020-03-02T17:35:44","slug":"presidente-da-camara-de-suzano-pede-atencao-ao-coronavirus-em-audiencia-publica","status":"publish","type":"post","link":"https:\/\/novosaopaulo.com.br\/index.php\/2020\/03\/02\/presidente-da-camara-de-suzano-pede-atencao-ao-coronavirus-em-audiencia-publica\/","title":{"rendered":"Presidente da C\u00e2mara de Suzano pede aten\u00e7\u00e3o ao coronav\u00edrus em audi\u00eancia p\u00fablica"},"content":{"rendered":"\n<p>O presidente da C\u00e2mara de Suzano, Joaquim Rosa (PL), pediu aten\u00e7\u00e3o ao coronav\u00edrus no munic\u00edpio em audi\u00eancia p\u00fablica de presta\u00e7\u00e3o de contas da Secretaria de Sa\u00fade, referente ao terceiro quadrimestre de 2019. \u201c\u00c9 preciso ter preocupa\u00e7\u00e3o com a higiene\u201d, disse.<\/p>\n\n\n\n<p>A reuni\u00e3o tamb\u00e9m contou com a participa\u00e7\u00e3o dos parlamentares Gerice Lione (PL), a esposa do Prefeito da Academia; Jos\u00e9 Carlos de Souza Nascimento (PTB), o Z\u00e9 Pirueiro; e Jos\u00e9 Izaqueu Rangel (PSDB), o Zaqueu Rangel.<\/p>\n\n\n\n<p>Na audi\u00eancia, o secret\u00e1rio de Sa\u00fade, Lu\u00eds Cl\u00e1udio Rocha Guillaumon, apresentou os dados referentes aos meses de setembro, outubro, novembro e dezembro do ano passado. Ele ressaltou que, em 2019, foram realizados 4.912.694 procedimentos nos equipamentos de sa\u00fade p\u00fablicos de Suzano, que englobam os atendimentos profissionais nas unidades b\u00e1sicas de sa\u00fade (UBSs), unidades de sa\u00fade da fam\u00edlia (USFs), especialidades m\u00e9dicas e unidades de urg\u00eancia, emerg\u00eancia e hospitalar.<\/p>\n\n\n\n<p>Gerice Lione questionou, durante a audi\u00eancia, a realiza\u00e7\u00e3o de rodas de conversas com pacientes em unidades de sa\u00fade. Segundo relato que ela recebeu de uma moradora da Casa Branca, a pr\u00e1tica acaba causando constrangimento entre os participantes. Guillaumon disse que este atendimento em grupo existe e traz bons resultados. \u201c\u00c9 importante para a pessoa ter no\u00e7\u00e3o de que aquilo n\u00e3o \u00e9 s\u00f3 com ela. Mas, se ela est\u00e1 se sentindo desconfort\u00e1vel, pode procurar a psic\u00f3loga da unidade e expressar isso\u201d, declarou.<\/p>\n\n\n\n<p>A vereadora tamb\u00e9m perguntou sobre a realiza\u00e7\u00e3o de agendamento de consultas apenas uma vez por m\u00eas em alguns postos de sa\u00fade. \u201cSe a pessoa n\u00e3o pega a senha, s\u00f3 pode voltar a agendar no pr\u00f3ximo m\u00eas\u201d, explicou. Guillaumon disse que esta din\u00e2mica de atendimento \u00e9 definida pelos conselhos gestores das unidades, que garantem a participa\u00e7\u00e3o da popula\u00e7\u00e3o na defini\u00e7\u00e3o da atua\u00e7\u00e3o dos equipamentos de sa\u00fade. Ele tamb\u00e9m se comprometeu a conversar com a pessoa que apresentou a reclama\u00e7\u00e3o.<\/p>\n\n\n\n<p>Ainda participaram da audi\u00eancia a presidente do Conselho Municipal de Sa\u00fade, Cleide Tomioka, e o coordenador de Aten\u00e7\u00e3o B\u00e1sica, Jos\u00e9 Landim.<\/p>\n\n\n\n<p><strong>Planejamento e Finan\u00e7as<\/strong><\/p>\n\n\n\n<p>Na tarde de hoje, a C\u00e2mara de Suzano tamb\u00e9m sediou a audi\u00eancia p\u00fablica de avalia\u00e7\u00e3o das metas fiscais do terceiro quadrimestre de 2019. A reuni\u00e3o foi presidida por Joaquim Rosa e contou com a presen\u00e7a dos vereadores Andr\u00e9 Marcos de Abreu (DEM), o Pacola; Z\u00e9 Pirueiro; Zaqueu Rangel; e Marcos Antonio dos Santos (PTB), o Maizena Dunga Vans.<\/p>\n\n\n\n<p>A presta\u00e7\u00e3o de contas foi feita pelo secret\u00e1rio de Planejamento e Finan\u00e7as, Itamar Corr\u00eaa Viana; pelo diretor de Gest\u00e3o Tribut\u00e1ria, Ademilson Souza Freire; e pelo diretor de Gest\u00e3o Tribut\u00e1ria, Marcelo Rodrigues. Eles informaram que as receitas or\u00e7ament\u00e1rias do Imposto sobre Propriedade Territorial Urbana (IPTU), Imposto Sobre Servi\u00e7os (ISS), Imposto Sobre Transmiss\u00e3o de Bens e Im\u00f3veis (ITBI), taxas e transfer\u00eancias correntes tiveram uma arrecada\u00e7\u00e3o acima da previs\u00e3o or\u00e7ament\u00e1ria para o per\u00edodo, alcan\u00e7ando o total de R$ 906.188.602,27 (5,16% superior ao inicialmente projetado).<\/p>\n\n\n\n<p>Durante a audi\u00eancia, Pacola solicitou informa\u00e7\u00f5es sobre uma emenda impositiva de autoria dele, no valor de R$ 144 mil, para a constru\u00e7\u00e3o de quadra esportiva. Ele informou que o valor que consta na placa da obra \u00e9 de R$ 102 mil. \u201cO que acontece no caso de a obra ter custado R$ 42 mil a menos? Esse valor permanece nos cofres p\u00fablicos?\u201d, perguntou. Viana disse que, como a obra ainda n\u00e3o foi conclu\u00edda, poder\u00e1 haver algum aditivo no contrato, e neste caso o valor ser\u00e1 utilizado da emenda. Caso n\u00e3o haja aditivo, ele disse que a diferen\u00e7a do valor volta para a emenda impositiva, ou seja, recurso volta para o vereador, j\u00e1 que a Prefeitura n\u00e3o pode fazer altera\u00e7\u00e3o.<\/p>\n\n\n\n<p>Pacola ainda pediu informa\u00e7\u00f5es sobre um empr\u00e9stimo de R$ 30 milh\u00f5es que a Casa de Leis autorizou em novembro do ano passado. O secret\u00e1rio revelou que os tr\u00e2mites est\u00e3o sendo feitos e que a expectativa \u00e9 de que o recurso chegue ao munic\u00edpio em meados de abril.<\/p>\n\n\n\n<p>Maizena Dunga Vans questionou sobre o valor em caixa da Contribui\u00e7\u00e3o de Ilumina\u00e7\u00e3o P\u00fablica (CIP). Viana informou que encaminhar\u00e1 \u00e0 C\u00e2mara um relat\u00f3rio espec\u00edfico desta taxa e adiantou que o valor est\u00e1 em aproximadamente R$ 3,2 milh\u00f5es.<\/p>\n\n\n\n<p>O parlamentar ainda perguntou sobre a divulga\u00e7\u00e3o da isen\u00e7\u00e3o do IPTU para mun\u00edcipes que sofreram com enchentes. Foi dito pelos representantes do Executivo que n\u00e3o h\u00e1 mais pend\u00eancias. O secret\u00e1rio completou que j\u00e1 solicitou uma revis\u00e3o de todas as solicita\u00e7\u00f5es feitas e se colocou \u00e0 disposi\u00e7\u00e3o para passar informa\u00e7\u00f5es corretas sobre o assunto.<\/p>\n\n\n\n<p>Zaqueu Rangel elogiou o trabalho realizado pelo secret\u00e1rio. \u201cS\u00f3 tenho a agradecer a administra\u00e7\u00e3o e sua equipe, est\u00e1 saindo servi\u00e7o na cidade\u201d, afirmou.<\/p>\n","protected":false},"excerpt":{"rendered":"<div class=\"mh-excerpt\"><p>O presidente da C\u00e2mara de Suzano, Joaquim Rosa (PL), pediu aten\u00e7\u00e3o ao coronav\u00edrus no munic\u00edpio em audi\u00eancia p\u00fablica <\/p>\n<\/div>","protected":false},"author":1,"featured_media":200,"comment_status":"open","ping_status":"open","sticky":false,"template":"","format":"standard","meta":{"footnotes":""},"categories":[3],"tags":[25,27],"class_list":["post-199","post","type-post","status-publish","format-standard","has-post-thumbnail","hentry","category-cidades","tag-capa","tag-suzano"],"_links":{"self":[{"href":"https:\/\/novosaopaulo.com.br\/index.php\/wp-json\/wp\/v2\/posts\/199"}],"collection":[{"href":"https:\/\/novosaopaulo.com.br\/index.php\/wp-json\/wp\/v2\/posts"}],"about":[{"href":"https:\/\/novosaopaulo.com.br\/index.php\/wp-json\/wp\/v2\/types\/post"}],"author":[{"embeddable":true,"href":"https:\/\/novosaopaulo.com.br\/index.php\/wp-json\/wp\/v2\/users\/1"}],"replies":[{"embeddable":true,"href":"https:\/\/novosaopaulo.com.br\/index.php\/wp-json\/wp\/v2\/comments?post=199"}],"version-history":[{"count":1,"href":"https:\/\/novosaopaulo.com.br\/index.php\/wp-json\/wp\/v2\/posts\/199\/revisions"}],"predecessor-version":[{"id":201,"href":"https:\/\/novosaopaulo.com.br\/index.php\/wp-json\/wp\/v2\/posts\/199\/revisions\/201"}],"wp:featuredmedia":[{"embeddable":true,"href":"https:\/\/novosaopaulo.com.br\/index.php\/wp-json\/wp\/v2\/media\/200"}],"wp:attachment":[{"href":"https:\/\/novosaopaulo.com.br\/index.php\/wp-json\/wp\/v2\/media?parent=199"}],"wp:term":[{"taxonomy":"category","embeddable":true,"href":"https:\/\/novosaopaulo.com.br\/index.php\/wp-json\/wp\/v2\/categories?post=199"},{"taxonomy":"post_tag","embeddable":true,"href":"https:\/\/novosaopaulo.com.br\/index.php\/wp-json\/wp\/v2\/tags?post=199"}],"curies":[{"name":"wp","href":"https:\/\/api.w.org\/{rel}","templated":true}]}}