{"id":1962,"date":"2020-08-08T14:54:51","date_gmt":"2020-08-08T17:54:51","guid":{"rendered":"http:\/\/novosaopaulo.com.br\/?p=1962"},"modified":"2020-08-08T14:54:51","modified_gmt":"2020-08-08T17:54:51","slug":"governo-de-sp-anuncia-retomada-das-aulas-presenciais-para-o-dia-7-de-outubro","status":"publish","type":"post","link":"https:\/\/novosaopaulo.com.br\/index.php\/2020\/08\/08\/governo-de-sp-anuncia-retomada-das-aulas-presenciais-para-o-dia-7-de-outubro\/","title":{"rendered":"Governo de SP anuncia retomada das aulas presenciais para o dia 7 de outubro"},"content":{"rendered":"\n<p>A partir do dia 8 de setembro, escolas ter\u00e3o op\u00e7\u00e3o de reabrir apenas para atividades de recupera\u00e7\u00e3o e acolhimento<\/p>\n\n\n\n<p>A partir do dia 8 de setembro, escolas ter\u00e3o op\u00e7\u00e3o de reabrir apenas para atividades de recupera\u00e7\u00e3o e acolhimento<\/p>\n\n\n\n<p>O Governador Jo\u00e3o Doria anunciou nesta sexta-feira (7) que a retomada das aulas presenciais no estado se dar\u00e1 no dia 7 de outubro. Para que a previs\u00e3o se concretize, \u00e9 necess\u00e1rio que o estado esteja por 28 dias na fase amarela do Plano S\u00e3o Paulo. O retorno ser\u00e1 gradual e, na primeira etapa, vai atingir at\u00e9 35% dos alunos.<\/p>\n\n\n\n<p>\u201cA volta gradual e respons\u00e1vel das atividades escolares \u00e9 fundamental, principalmente para as crian\u00e7as das camadas mais desfavorecidas da sociedade. O retorno \u00e9 importante n\u00e3o somente pelo aspecto educacional, mas tamb\u00e9m pela quest\u00e3o social e da seguran\u00e7a alimentar\u201d, afirmou Doria.<\/p>\n\n\n\n<p>Os riscos para sa\u00fade mental dos estudantes com longos per\u00edodos de isolamento devido \u00e0 pandemia e ao fechamento das escolas t\u00eam sido apontados em alguns estudos. Segundo pesquisa Datafolha, 75% dos estudantes das escolas estaduais de S\u00e3o Paulo declararam que est\u00e3o tristes, ansiosos ou irritados.<\/p>\n\n\n\n<p>A Organiza\u00e7\u00e3o das Na\u00e7\u00f5es Unidas (ONU) afirmou que a paralisa\u00e7\u00e3o das aulas presenciais gera uma \u201ccat\u00e1strofe geracional que pode desperdi\u00e7ar um potencial humano incalcul\u00e1vel, minar d\u00e9cadas de progresso e acentuar desigualdades.\u201d<\/p>\n\n\n\n<p>\u201cProteger vidas, cuidar dos nossos estudantes e profissionais \u00e9 a coisa mais importante que precisamos fazer nesse tempo de pandemia. Essa tem que ser a premissa fundamental que tem nos guiado e vai continuar nos guiando\u201d, refor\u00e7ou o Secret\u00e1rio de Estado da Educa\u00e7\u00e3o, Rossieli Soares.<\/p>\n\n\n\n<p>A \u00faltima previs\u00e3o do Governo de S\u00e3o Paulo era de que as atividades presenciais pudessem ser retomadas no dia 8 de setembro. A data teve de ser adiada por recomenda\u00e7\u00e3o do Centro de Conting\u00eancia do Coronav\u00edrus, tendo em vista que apesar de 86% da popula\u00e7\u00e3o do estado j\u00e1 estar na fase amarela, dificilmente no pr\u00f3ximo ciclo de 14 dias, todo o estado estar\u00e1, j\u00e1 que h\u00e1 regi\u00f5es que continuam na fase vermelha.<\/p>\n\n\n\n<p>Refor\u00e7o e atividades opcionais em setembro<\/p>\n\n\n\n<p>A partir do dia 8 de setembro, as escolas localizadas em regi\u00f5es na fase amarela ficam autorizadas a receber os alunos para aulas de refor\u00e7o, recupera\u00e7\u00e3o e atividades opcionais. Para isso, as regi\u00f5es tamb\u00e9m ter\u00e3o de obedecer ao crit\u00e9rio de estar h\u00e1 pelo menos 28 dias na fase amarela.<\/p>\n\n\n\n<p>Al\u00e9m disso, as escolas tamb\u00e9m ter\u00e3o de respeitar o limite m\u00e1ximo de alunos nas unidades e os protocolos sanit\u00e1rios. Nesta primeira etapa, na educa\u00e7\u00e3o infantil e nos anos iniciais do ensino fundamental, apenas at\u00e9 35% dos alunos devem ser atendidos em atividades presenciais. Para os anos finais do ensino fundamental e ensino m\u00e9dio, o limite m\u00e1ximo de alunos \u00e9 de 20%.<\/p>\n\n\n\n<p>Cada escola poder\u00e1 optar pela reabertura regionalizada a partir de um processo de consulta com envolvimento da comunidade escolar &#8211; pais e respons\u00e1veis, estudantes e educadores.<\/p>\n\n\n\n<p>Se a escola optar pela reabertura, os professores que tiverem interesse poder\u00e3o realizar atividades com poucos alunos. Apenas participam os estudantes que tiverem anu\u00eancia dos respons\u00e1veis, sendo que aqueles que fazem parte do grupo de risco devem permanecer em casa. Do mesmo modo, profissionais da educa\u00e7\u00e3o do grupo de risco continuam trabalhando remotamente.<\/p>\n\n\n\n<p>Este per\u00edodo de setembro at\u00e9 outubro, quando deve ocorrer a prov\u00e1vel retomada das aulas, dever\u00e1 ser aproveitado pelas escolas que optarem pela reabertura para atividades como plant\u00e3o de d\u00favidas, atividades esportivas, tutoria, aulas em laborat\u00f3rios de inform\u00e1tica e ci\u00eancias, entre outras a\u00e7\u00f5es ligadas ao refor\u00e7o e recupera\u00e7\u00e3o do que j\u00e1 foi ministrado. Novos conte\u00fados curriculares s\u00f3 poder\u00e3o ser aplicados a partir do dia 7 de outubro.<\/p>\n\n\n\n<p>Equipamentos de seguran\u00e7a na rede estadual<\/p>\n\n\n\n<p>A rede estadual de S\u00e3o Paulo est\u00e1 se preparando para que a retomada das aulas seja feita com toda seguran\u00e7a. Para isso, adquiriu uma s\u00e9rie de insumos destinados tanto aos estudantes quanto aos servidores, como 12 milh\u00f5es de m\u00e1scaras de tecido, 300 mil face shields (protetor facial de acr\u00edlico), 10.168 term\u00f4metros a laser, 10 mil totens de \u00e1lcool em gel, 221 mil litros de sabonete l\u00edquido, 78 milh\u00f5es de copos descart\u00e1veis, 112 mil litros de \u00e1lcool em gel e 100 milh\u00f5es de unidades de papel toalha.<\/p>\n","protected":false},"excerpt":{"rendered":"<div class=\"mh-excerpt\"><p>A partir do dia 8 de setembro, escolas ter\u00e3o op\u00e7\u00e3o de reabrir apenas para atividades de recupera\u00e7\u00e3o e acolhimento<\/p>\n<\/div>","protected":false},"author":1,"featured_media":1963,"comment_status":"open","ping_status":"open","sticky":false,"template":"","format":"standard","meta":{"footnotes":""},"categories":[2],"tags":[37,43],"class_list":["post-1962","post","type-post","status-publish","format-standard","has-post-thumbnail","hentry","category-geral","tag-coronavirus","tag-governo-sp"],"_links":{"self":[{"href":"https:\/\/novosaopaulo.com.br\/index.php\/wp-json\/wp\/v2\/posts\/1962"}],"collection":[{"href":"https:\/\/novosaopaulo.com.br\/index.php\/wp-json\/wp\/v2\/posts"}],"about":[{"href":"https:\/\/novosaopaulo.com.br\/index.php\/wp-json\/wp\/v2\/types\/post"}],"author":[{"embeddable":true,"href":"https:\/\/novosaopaulo.com.br\/index.php\/wp-json\/wp\/v2\/users\/1"}],"replies":[{"embeddable":true,"href":"https:\/\/novosaopaulo.com.br\/index.php\/wp-json\/wp\/v2\/comments?post=1962"}],"version-history":[{"count":1,"href":"https:\/\/novosaopaulo.com.br\/index.php\/wp-json\/wp\/v2\/posts\/1962\/revisions"}],"predecessor-version":[{"id":1964,"href":"https:\/\/novosaopaulo.com.br\/index.php\/wp-json\/wp\/v2\/posts\/1962\/revisions\/1964"}],"wp:featuredmedia":[{"embeddable":true,"href":"https:\/\/novosaopaulo.com.br\/index.php\/wp-json\/wp\/v2\/media\/1963"}],"wp:attachment":[{"href":"https:\/\/novosaopaulo.com.br\/index.php\/wp-json\/wp\/v2\/media?parent=1962"}],"wp:term":[{"taxonomy":"category","embeddable":true,"href":"https:\/\/novosaopaulo.com.br\/index.php\/wp-json\/wp\/v2\/categories?post=1962"},{"taxonomy":"post_tag","embeddable":true,"href":"https:\/\/novosaopaulo.com.br\/index.php\/wp-json\/wp\/v2\/tags?post=1962"}],"curies":[{"name":"wp","href":"https:\/\/api.w.org\/{rel}","templated":true}]}}