{"id":1930,"date":"2020-08-03T20:19:37","date_gmt":"2020-08-03T23:19:37","guid":{"rendered":"http:\/\/novosaopaulo.com.br\/?p=1930"},"modified":"2020-08-03T20:19:37","modified_gmt":"2020-08-03T23:19:37","slug":"sp-e-o-primeiro-estado-do-brasil-a-homologar-o-novo-curriculo-do-ensino-medio","status":"publish","type":"post","link":"https:\/\/novosaopaulo.com.br\/index.php\/2020\/08\/03\/sp-e-o-primeiro-estado-do-brasil-a-homologar-o-novo-curriculo-do-ensino-medio\/","title":{"rendered":"SP \u00e9 o primeiro estado do Brasil a homologar o novo curr\u00edculo do ensino m\u00e9dio"},"content":{"rendered":"\n<p>Programa vai ser implementado nas escolas da rede estadual de SP de forma gradual; in\u00edcio ser\u00e1 em 2021 com a 1\u00aa s\u00e9rie do ensino m\u00e9dio<\/p>\n\n\n\n<p>O Governador Jo\u00e3o Doria anunciou nesta segunda-feira (3) a homologa\u00e7\u00e3o do novo curr\u00edculo para o ensino m\u00e9dio em S\u00e3o Paulo, o primeiro estado do Brasil a construir o documento determinado pela lei de reforma do ensino m\u00e9dio, sancionada em 2017. O curr\u00edculo foi aprovado dia 29 de julho, por vota\u00e7\u00e3o un\u00e2nime, pelo Conselho Estadual da Educa\u00e7\u00e3o de S\u00e3o Paulo.<\/p>\n\n\n\n<p>&#8220;O objetivo \u00e9 criar uma escola que dialogue com a realidade atual da juventude, que se adapte \u00e0s necessidades dos estudantes e os prepare para viver em sociedade e enfrentar os desafios de um mercado de trabalho din\u00e2mico. Essa \u00e9 a proposta do novo ensino m\u00e9dio de S\u00e3o Paulo&#8221;, disse Doria.<\/p>\n\n\n\n<p>O novo curr\u00edculo ter\u00e1 12 op\u00e7\u00f5es de cursos, os itiner\u00e1rios formativos, e permitir\u00e1 aos alunos escolher as disciplinas com as que mais se identifiquem. A previs\u00e3o \u00e9 de que o curr\u00edculo seja implementado progressivamente aos alunos da 1\u00ba s\u00e9rie do ensino m\u00e9dio em 2021. Em 2022, para os estudantes da 2\u00ba s\u00e9rie, e consequentemente, para a 3\u00aa s\u00e9rie no ano de 2023.<\/p>\n\n\n\n<p>O curr\u00edculo est\u00e1 alinhado \u00e0 Base Nacional Comum Curricular (BNCC) do ensino m\u00e9dio, homologada pelo pr\u00f3prio Rossieli Soares quando ocupou o cargo de Ministro da Educa\u00e7\u00e3o, em dezembro de 2018. \u201c\u00c9 mais um passo de uma longa caminhada. S\u00e3o Paulo sempre foi refer\u00eancia quando se fala em constru\u00e7\u00e3o curricular e vai servir de grande exemplo. Nosso b\u00f4nus demogr\u00e1fico acaba agora, entre o final do ano de 2022 para 2023. Come\u00e7amos a virar a chave e teremos menos jovens, por isso, form\u00e1-los cada vez melhor ser\u00e1 ainda mais importante para o nosso pa\u00eds\u201d, avaliou o Secret\u00e1rio.<\/p>\n\n\n\n<p>O processo de constru\u00e7\u00e3o do curr\u00edculo foi iniciado em 2019 com uma pesquisa entre 140 mil estudantes e 70 mil profissionais da rede. Tamb\u00e9m foi debatido em semin\u00e1rios e por meio de consulta p\u00fablica. Vinte e sete redatores participaram.<\/p>\n\n\n\n<p>Estrutura do curr\u00edculo<\/p>\n\n\n\n<p>O curr\u00edculo do ensino m\u00e9dio paulista est\u00e1 estruturado em 3.150 horas, distribu\u00eddas em um per\u00edodo de tr\u00eas anos. Do montante total da carga hor\u00e1ria, 1.800 horas s\u00e3o destinadas \u00e0 forma\u00e7\u00e3o b\u00e1sica e o restante, 1.350 horas, \u00e9 referente aos itiner\u00e1rios formativos. Estes itiner\u00e1rios ter\u00e3o mais do que a carga m\u00ednima prevista na legisla\u00e7\u00e3o.<\/p>\n\n\n\n<p>Na forma\u00e7\u00e3o geral b\u00e1sica, os estudantes ter\u00e3o os componentes curriculares divididos em \u00e1reas de conhecimento como linguagens e suas tecnologias (l\u00edngua portuguesa, artes, educa\u00e7\u00e3o f\u00edsica e l\u00edngua estrangeira); matem\u00e1tica; ci\u00eancias humanas e sociais aplicadas (hist\u00f3ria, geografia, filosofia e sociologia); e ci\u00eancias da natureza e suas tecnologias (biologia, qu\u00edmica e f\u00edsica).<\/p>\n\n\n\n<p>Na carga hor\u00e1ria referente aos itiner\u00e1rios formativos, o estudante precisa escolher uma ou duas \u00e1reas de conhecimento da forma\u00e7\u00e3o geral para aprofundar seus estudos, ou ainda, a forma\u00e7\u00e3o t\u00e9cnica e profissional para se especializar. Os componentes do programa Inova Educa\u00e7\u00e3o tamb\u00e9m far\u00e3o parte dos itiner\u00e1rios formativos, com as disciplinas de eletivas (educa\u00e7\u00e3o financeira, teatro, empreendedorismo), projeto de vida (aulas que ajudam o estudante na gest\u00e3o do pr\u00f3prio tempo, na organiza\u00e7\u00e3o pessoal, no compromisso com a comunidade) e tecnologia e inova\u00e7\u00e3o (m\u00eddias digitais, rob\u00f3tica e programa\u00e7\u00e3o).<\/p>\n\n\n\n<p>Assessoria de imprensa<br>Secretaria de Educa\u00e7\u00e3o<br>imprensa@educacao.sp.gov.br<\/p>\n","protected":false},"excerpt":{"rendered":"<div class=\"mh-excerpt\"><p>Programa vai ser implementado nas escolas da rede estadual de SP de forma gradual; in\u00edcio ser\u00e1 em 2021 com a 1\u00aa s\u00e9rie do ensino m\u00e9dio<\/p>\n<\/div>","protected":false},"author":1,"featured_media":1931,"comment_status":"open","ping_status":"open","sticky":false,"template":"","format":"standard","meta":{"footnotes":""},"categories":[2],"tags":[43],"class_list":["post-1930","post","type-post","status-publish","format-standard","has-post-thumbnail","hentry","category-geral","tag-governo-sp"],"_links":{"self":[{"href":"https:\/\/novosaopaulo.com.br\/index.php\/wp-json\/wp\/v2\/posts\/1930"}],"collection":[{"href":"https:\/\/novosaopaulo.com.br\/index.php\/wp-json\/wp\/v2\/posts"}],"about":[{"href":"https:\/\/novosaopaulo.com.br\/index.php\/wp-json\/wp\/v2\/types\/post"}],"author":[{"embeddable":true,"href":"https:\/\/novosaopaulo.com.br\/index.php\/wp-json\/wp\/v2\/users\/1"}],"replies":[{"embeddable":true,"href":"https:\/\/novosaopaulo.com.br\/index.php\/wp-json\/wp\/v2\/comments?post=1930"}],"version-history":[{"count":1,"href":"https:\/\/novosaopaulo.com.br\/index.php\/wp-json\/wp\/v2\/posts\/1930\/revisions"}],"predecessor-version":[{"id":1932,"href":"https:\/\/novosaopaulo.com.br\/index.php\/wp-json\/wp\/v2\/posts\/1930\/revisions\/1932"}],"wp:featuredmedia":[{"embeddable":true,"href":"https:\/\/novosaopaulo.com.br\/index.php\/wp-json\/wp\/v2\/media\/1931"}],"wp:attachment":[{"href":"https:\/\/novosaopaulo.com.br\/index.php\/wp-json\/wp\/v2\/media?parent=1930"}],"wp:term":[{"taxonomy":"category","embeddable":true,"href":"https:\/\/novosaopaulo.com.br\/index.php\/wp-json\/wp\/v2\/categories?post=1930"},{"taxonomy":"post_tag","embeddable":true,"href":"https:\/\/novosaopaulo.com.br\/index.php\/wp-json\/wp\/v2\/tags?post=1930"}],"curies":[{"name":"wp","href":"https:\/\/api.w.org\/{rel}","templated":true}]}}