{"id":1680,"date":"2020-07-10T23:03:12","date_gmt":"2020-07-11T02:03:12","guid":{"rendered":"http:\/\/novosaopaulo.com.br\/?p=1680"},"modified":"2020-07-10T23:03:12","modified_gmt":"2020-07-11T02:03:12","slug":"walmir-pinto-une-a-interpretacao-de-poesia-ao-video-em-novo-projeto-cultural-durante-o-isolamento-social","status":"publish","type":"post","link":"https:\/\/novosaopaulo.com.br\/index.php\/2020\/07\/10\/walmir-pinto-une-a-interpretacao-de-poesia-ao-video-em-novo-projeto-cultural-durante-o-isolamento-social\/","title":{"rendered":"Walmir Pinto une a interpreta\u00e7\u00e3o de poesia ao v\u00eddeo em novo projeto cultural durante o isolamento social"},"content":{"rendered":"\n<p><em>\u201cTa faltando poesia!\u201d \u00e9 um resgate do artista h\u00e1 um trabalho antigo que come\u00e7ou como coluna semanal em um jornal local <\/em><strong>&nbsp;<\/strong>e agora vira pe\u00e7a audiovisual&nbsp;<\/p>\n\n\n\n<p>A inquietude do ator e diretor, Walmir Pinto, 59, n\u00e3o \u00e9 novidade para quem j\u00e1 o acompanha a algum tempo dentro do cen\u00e1rio cultural. Nos \u00faltimos anos, o artista- que ainda acumula o cargo de vice-prefeito de Suzano- para al\u00e9m de sua rela\u00e7\u00e3o hist\u00f3rica com a dramaturgia, seja no teatro ou na televis\u00e3o, tem tamb\u00e9m explorado outras linguagens culturais.&nbsp;<\/p>\n\n\n\n<p>No ano passado, lan\u00e7ou dois projetos musicais: Que tempos dif\u00edceis s\u00e3o esses que falar de amor \u00e9 quase um crime (2019) e Samba para o bambas (2019). Em ambos os trabalhos h\u00e1 algo em comum: a parceria que dura anos com o compositor maranhense, Z\u00e9 de RIba, que assina boa parte das letras junto com Walmir. J\u00e1 o arranjo do primeiro ficou por conta do pianista Ricardo de Deus (RIcardo de Deus Trio) e do segundo, por Beto Bianchi (Revista do Samba).&nbsp;<\/p>\n\n\n\n<p>Com crise sanit\u00e1ria causada pelo v\u00edrus Covid-19, Walmir, assim como tantos artistas, tem trabalhado em novas produ\u00e7\u00f5es. No m\u00eas passado, junto com Beto Bianchi lan\u00e7ou o clip da m\u00fasica composta por eles,&nbsp; \u201cQuando tudo passar\u201d, que tem a dire\u00e7\u00e3o de arte assinada por Marcia David. A produ\u00e7\u00e3o audiovisual da can\u00e7\u00e3o foi toda feita em casa e traz o ar minimalista e ao mesmo tempo esperan\u00e7oso, que a letra da m\u00fasica transmite.&nbsp;<\/p>\n\n\n\n<p>E partir desta semana que vem, por meio das plataformas digitais, Walmir lan\u00e7a o seu mais novo projeto. \u201cT\u00e1 faltando poesia\u2019 \u00e9 uma colet\u00e2nea de interpreta\u00e7\u00f5es feitas por ele durante os meses da quarentena e dentro de casa. Nesse novo trabalho, Walmir une sua hist\u00f3ria com o teatro, a experi\u00eancia acumulada no audiovisual &#8211; mais de 8 novelas e 4 filmes- e o gosto inerente por poesia.&nbsp;<\/p>\n\n\n\n<p>\u201cH\u00e1 alguns anos atr\u00e1s criei uma coluna em jornais da regi\u00e3o chamada \u2018T\u00e1 faltando poesia\u2018. Era uma coluna semanal no qual pegava poemas consagrados fazia uma inser\u00e7\u00e3o e dava um sentido novo de acordo com a situa\u00e7\u00e3o do momento. Agora em tempos de isolamento a ideia ganha um novo sentido, e os poemas s\u00e3o interpretados em v\u00eddeo, gravados no pr\u00f3prio celular como uma forma de divulgar a poesia e grandes nomes da literatura\u201d, comenta Walmir.&nbsp;<\/p>\n\n\n\n<p>E quando o diretor e ator se refere a grandes nomes da literatura n\u00e3o trata-se de um mero silogismo. Em doze cap\u00edtulos j\u00e1 gravados, Walmir interpreta poesias de Fernando Pessoa; Carlos Drummond; Manuel Bandeira; Manoel de Barros, entre tantos outros.<\/p>\n\n\n\n<p>Walmir revela que esse novo trabalho \u00e9 tamb\u00e9m uma forma de divers\u00e3o e distra\u00e7\u00e3o para o momento de isola\u00e7\u00e3o social. E por isso, a forma caseira feita nos v\u00eddeos casa muito bem com a proposta de \u201cTa faltando poesia\u201d. \u201cDe uma forma natural, sem dire\u00e7\u00e3o e sem recursos t\u00e9cnicos, trata-se de um exerc\u00edcio de ator e com uma mensagem em tempos dif\u00edceis. Quero estimular jovens atores e amantes da literatura a tamb\u00e9m interpretarem poemas, sejam de grandes autores ou at\u00e9 mesmo pr\u00f3prio\u201d.&nbsp;&nbsp;<\/p>\n\n\n\n<p>E ainda lan\u00e7a um desafio. \u201cGostaria de ver mais artistas fazendo isso e se juntando a mim e ao canal. A ideia \u00e9 apresentar um por semana para que as pessoas tenham tempo de se apropriar e at\u00e9 debater a arte,&nbsp; a literatura em tempos de confinamento, por isso, quem quiser, pode me chamar nas redes para conversar, mandar seu v\u00eddeo para ser publicado. Vamos trazer mais poesia para esta fase de isolamento social\u201d.&nbsp;<\/p>\n\n\n\n<p>Os v\u00eddeos ser\u00e3o exibidos no Facebook, Instagran e no YouTube do canal Ateli\u00ea de Cultura. <a href=\"https:\/\/www.youtube.com\/c\/AteliedeCultura\/playlists\">https:\/\/www.youtube.com\/c\/AteliedeCultura\/playlists<\/a><\/p>\n\n\n\n<figure class=\"wp-block-embed-youtube wp-block-embed is-type-video is-provider-youtube wp-embed-aspect-16-9 wp-has-aspect-ratio\"><div class=\"wp-block-embed__wrapper\">\n<iframe loading=\"lazy\" title=\"Aos que vira\u0303o depois de no\u0301s de Bertolt Brecht\" width=\"500\" height=\"281\" src=\"https:\/\/www.youtube.com\/embed\/ep7UWGldWsg?feature=oembed\" frameborder=\"0\" allow=\"accelerometer; autoplay; clipboard-write; encrypted-media; gyroscope; picture-in-picture; web-share\" referrerpolicy=\"strict-origin-when-cross-origin\" allowfullscreen><\/iframe>\n<\/div><\/figure>\n\n\n\n<figure class=\"wp-block-embed-youtube wp-block-embed is-type-video is-provider-youtube wp-embed-aspect-16-9 wp-has-aspect-ratio\"><div class=\"wp-block-embed__wrapper\">\n<iframe loading=\"lazy\" title=\"Mundo Grande de Carlos Drummond de Andrade\" width=\"500\" height=\"281\" src=\"https:\/\/www.youtube.com\/embed\/n6uGu31gbtw?feature=oembed\" frameborder=\"0\" allow=\"accelerometer; autoplay; clipboard-write; encrypted-media; gyroscope; picture-in-picture; web-share\" referrerpolicy=\"strict-origin-when-cross-origin\" allowfullscreen><\/iframe>\n<\/div><\/figure>\n","protected":false},"excerpt":{"rendered":"<div class=\"mh-excerpt\"><p>\u201cTa faltando poesia!\u201d \u00e9 um resgate do artista h\u00e1 um trabalho antigo que come\u00e7ou como coluna semanal em um jornal local  e agora vira pe\u00e7a audiovisual <\/p>\n<\/div>","protected":false},"author":1,"featured_media":0,"comment_status":"open","ping_status":"open","sticky":false,"template":"","format":"standard","meta":{"footnotes":""},"categories":[6,2],"tags":[],"class_list":["post-1680","post","type-post","status-publish","format-standard","hentry","category-cultura","category-geral"],"_links":{"self":[{"href":"https:\/\/novosaopaulo.com.br\/index.php\/wp-json\/wp\/v2\/posts\/1680"}],"collection":[{"href":"https:\/\/novosaopaulo.com.br\/index.php\/wp-json\/wp\/v2\/posts"}],"about":[{"href":"https:\/\/novosaopaulo.com.br\/index.php\/wp-json\/wp\/v2\/types\/post"}],"author":[{"embeddable":true,"href":"https:\/\/novosaopaulo.com.br\/index.php\/wp-json\/wp\/v2\/users\/1"}],"replies":[{"embeddable":true,"href":"https:\/\/novosaopaulo.com.br\/index.php\/wp-json\/wp\/v2\/comments?post=1680"}],"version-history":[{"count":1,"href":"https:\/\/novosaopaulo.com.br\/index.php\/wp-json\/wp\/v2\/posts\/1680\/revisions"}],"predecessor-version":[{"id":1681,"href":"https:\/\/novosaopaulo.com.br\/index.php\/wp-json\/wp\/v2\/posts\/1680\/revisions\/1681"}],"wp:attachment":[{"href":"https:\/\/novosaopaulo.com.br\/index.php\/wp-json\/wp\/v2\/media?parent=1680"}],"wp:term":[{"taxonomy":"category","embeddable":true,"href":"https:\/\/novosaopaulo.com.br\/index.php\/wp-json\/wp\/v2\/categories?post=1680"},{"taxonomy":"post_tag","embeddable":true,"href":"https:\/\/novosaopaulo.com.br\/index.php\/wp-json\/wp\/v2\/tags?post=1680"}],"curies":[{"name":"wp","href":"https:\/\/api.w.org\/{rel}","templated":true}]}}