{"id":154,"date":"2020-02-27T11:41:25","date_gmt":"2020-02-27T14:41:25","guid":{"rendered":"http:\/\/novosaopaulo.com.br\/?p=154"},"modified":"2020-02-27T11:41:45","modified_gmt":"2020-02-27T14:41:45","slug":"carnaval-do-clube-de-campo-e-sucesso-de-publico","status":"publish","type":"post","link":"https:\/\/novosaopaulo.com.br\/index.php\/2020\/02\/27\/carnaval-do-clube-de-campo-e-sucesso-de-publico\/","title":{"rendered":"Carnaval do Clube de Campo \u00e9 sucesso de p\u00fablico"},"content":{"rendered":"\n<p><em>Foli\u00f5es se superaram na criatividade e alegria no Baile Abre Alas, nas matin\u00eas e na micareta<\/em><br><\/p>\n\n\n\n<p>O Carnaval do Clube de Campo de Mogi das Cruzes (CCMC) foi marcado, mais um ano, pela grande presen\u00e7a de p\u00fablico no Baile Abre Alas, nas matin\u00eas e na micareta. Somente no Abre Alas, na noite de sexta-feira (21\/2), aproximadamente 600 pessoas marcaram presen\u00e7a, a maioria com muita criatividade nas fantasias. Neste ano, &#8220;Carnavais do Brasil&#8221; foi o tema escolhido.<\/p>\n\n\n\n<p>No baile mais tradicional de Mogi das Cruzes, os foli\u00f5es mostraram muita anima\u00e7\u00e3o e curtiram a festa embalados pelas tradicionais marchinhas de carnaval com a Orquestra Oscar Guzella, o som ecl\u00e9tico da Banda Saint Paul, a apresenta\u00e7\u00e3o do DJ Rodrigo Dantas e a Escola de Samba Esta\u00e7\u00e3o Primeira de Br\u00e1s Cubas, com sua bateria Nota 10.<\/p>\n\n\n\n<p>O presidente do CCMC, Pedro Paulo Gon\u00e7alves, destacou o grande n\u00famero de pessoas que mais uma vez prestigiou o Abre Alas: &#8220;Foi muito bacana porque conseguimos manter a tradi\u00e7\u00e3o do clube. Tamb\u00e9m fiquei feliz em ver o trabalho que cada um teve com as fantasias. Todo ano o pessoal vai se superando com fantasias mais criativas e luxuosas. Destaco ainda a grande ades\u00e3o dos s\u00f3cios que vieram prestigiar o nosso Carnaval&#8221;, avaliou o presidente, que caprichou na fantasia de m\u00e1gico.<\/p>\n\n\n\n<p>Tatiana Moya, diretora Cultural do CCMC, ficou muito satisfeita com o Abre Alas. &#8220;Gostei muito. Todos est\u00e3o de parab\u00e9ns. Vi pessoas caprichando nas fantasias e esta festa n\u00e3o \u00e9 s\u00f3 hoje. Eles se encontram, se organizam e se divertem antes para preparar e pensar no que v\u00e3o fazer, no que v\u00e3o produzir. \u00c9 muito legal e parabenizo a todos que participaram&#8221;, disse Tatiana, que buscou a inspira\u00e7\u00e3o na cantora Amy Winehouse para criar a fantasia e tamb\u00e9m entrar na brincadeira.<\/p>\n\n\n\n<p>O grupo de foli\u00f5es liderado por S\u00e9rgio Cintra foi fantasiado como os personagens da \u201cEscolinha do Professor Raimundo\u201d. E n\u00e3o faltou nenhum aluno. Compareceram o professor Raimundo Nonato, Dona Bela, Z\u00e9 Bonitinho, Nerson da Capitinga, &#8216;seu Boneco&#8217;, Catifunda, Cacilda, Joselino Barbacena, &#8216;seu&#8217; Peru, e Rolando Lero. &#8220;Cada ano a gente pensa em algum tema para montar. E pensamos no sofrimento dos nossos professores. Ent\u00e3o surgiu, primeiro, a homenagem aos \u00edcones da televis\u00e3o e, segundo, aos nossos professores, que est\u00e3o sendo ridicularizados, humilhados por um sal\u00e1rio bem pequeno&#8221;, explicou Cintra, que conquistou com o mesmo grupo o tricampeonato na disputa da categoria Bloco Mais Original.<\/p>\n\n\n\n<p>Na categoria Fantasia de Luxo, a vencedora foi Juliana Rocha, que usou uma roupa que vira uma borboleta com as asas sendo extens\u00e3o dos bra\u00e7os. Para incluir o marido, Esteban Gonzalez, na brincadeira, ele se fantasiou de ca\u00e7ador de borboletas. &#8220;Pesquisei muito e me veio a ideia de fazer uma borboleta. E deu certo, inclusive com a entrada do meu marido como ca\u00e7ador e pesquisador&#8221;, disse Juliana.<\/p>\n\n\n\n<p>Ali\u00e1s, borboletas estavam em alta na noite do Abre Alas do CCMC. O bloco denominado &#8220;Borboletando&#8221; e composto por quatro casais foi o vencedor na categoria Bloco Mais Luxuoso. As mulheres usavam vestidos azuis e tinham enfeites de borboletas na cabe\u00e7a, al\u00e9m da maquiagem alusiva ao tema, e os homens eram os ca\u00e7adores de borboletas com suas redes e uniformes da profiss\u00e3o.<\/p>\n\n\n\n<p>Tamb\u00e9m foram premiados a Fantasia Original Feminina, com Olga Santos, vestida e maquiada como uma on\u00e7a; e Fantasia Original Masculina, com Ricardo Gaspar, que encarnou Freddie Mercury, vocalista da banda Queen.<\/p>\n\n\n\n<p>O Bloco Mais Animado foi composto por casais com mensagens nas camisetas. As mulheres tinham na camiseta preta a mensagem &#8220;Eu sou a que aconselha&#8221; e a frase nas camisetas brancas dos homens era &#8220;Eu sou o que faz m&#8230;&#8221;. Os foli\u00f5es mais animados foram Edna Figueiredo, com um vestido de festa, e Jos\u00e9 Rodrigues Dias, que estava fantasiado de Chacrinha.<\/p>\n\n\n\n<p>Matin\u00eas e micareta<\/p>\n\n\n\n<p>Na primeira matin\u00ea do CCMC, mais de 700 pessoas passaram pelo Sal\u00e3o Social Wilson Cury, na tarde de domingo (23\/02), mesma expectativa de p\u00fablico para a ter\u00e7a-feira (25\/02). A crian\u00e7ada, acompanhada dos pais e at\u00e9 av\u00f3s, se divertiu muito com o repert\u00f3rio musical do DJ Rodrigo Dantas. Al\u00e9m disso, a anima\u00e7\u00e3o foi garantida com a presen\u00e7a de palha\u00e7os e alguns personagens como o Homem de Ferro, Princesa Leia e Darth Vader, da trilogia Guerra nas Estrelas, Homem Aranha, Emojis, urso \u201cinvocado\u201d e at\u00e9 de um rob\u00f4 no estilo Transformers, com mais de dois metros de altura e que mudava de cor, para del\u00edrio da garotada e at\u00e9 de adultos. &#8220;Foi sensacional. Estou muito contente em ver o sal\u00e3o cheio desta forma&#8221;, disse o presidente do CCMC, Pedro Paulo Gon\u00e7alves.<\/p>\n\n\n\n<p>O Carnaval do CCMC ainda teve, na ter\u00e7a-feira, a segunda matin\u00ea e depois a Micareta CCMC Folia, voltada exclusivamente para os s\u00f3cios, com a expectativa da participa\u00e7\u00e3o de aproximadamente mil foli\u00f5es.<\/p>\n\n\n\n<p>193&nbsp;&nbsp;Veronica Nigri e Alan Nunes<\/p>\n\n\n\n<p>202&nbsp;&nbsp;Vanessa Almeida e Marcos Almeida<\/p>\n\n\n\n<p>205&nbsp;&nbsp;Cassiele Soares e Horacy Takada<\/p>\n\n\n\n<p>208&nbsp;&nbsp;Marcelo Bitencourt e Norma Bitencourt<\/p>\n\n\n\n<p>211&nbsp;&nbsp;Regina Hasegawa e Marcio Soares<\/p>\n\n\n\n<p>213&nbsp;&nbsp;L\u00e9a Tomaz e Valdirene Sim\u00f5es<\/p>\n\n\n\n<p>217&nbsp;&nbsp;Olga Santos e Paulo Cesar<\/p>\n\n\n\n<p>220&nbsp;&nbsp;Stella Godoi e Claudio Junior<\/p>\n\n\n\n<p>223&nbsp;&nbsp;D\u00e9bora Naure e Edilberto Naure<\/p>\n\n\n\n<p>226&nbsp;&nbsp;Luiz Carlos Vieira e Marcia Jungers<\/p>\n\n\n\n<p>242&nbsp;&nbsp;Josy Spada e Douglas Spada<\/p>\n\n\n\n<p>248&nbsp;&nbsp;Fabio Goto, Veronica Rosas, Lilian Rosas e Osvaldo Lima<\/p>\n\n\n\n<p>255&nbsp;&nbsp;Caroline de Vries e C\u00e1ssio Almeida<\/p>\n\n\n\n<p>265&nbsp;&nbsp;Leandro Sergio Muniz<\/p>\n\n\n\n<p>269&nbsp;&nbsp;Ademar Rodrigues e Laila Rodrigues<\/p>\n\n\n\n<p>276&nbsp;&nbsp;Renata Aguiar e Thais Fernandes<\/p>\n\n\n\n<p>280&nbsp;&nbsp;Ana Porto, Marco Gon\u00e7alves e Bernadete Navarro<\/p>\n\n\n\n<p>281 Bloco carnavalesco<\/p>\n\n\n\n<p>282&nbsp;&nbsp;Tatiana Moya, Thais Santana e Pedro Paulo Gon\u00e7alves<\/p>\n\n\n\n<p>283&nbsp;&nbsp;Baile Abre Alas<\/p>\n\n\n\n<p>284&nbsp;&nbsp;Baile Abre Alas<\/p>\n\n\n\n<p>285 Premia\u00e7\u00e3o do concurso de fantasias<\/p>\n\n\n\n<p>286&nbsp;&nbsp;Leandro S\u00e9rgio, Carla Fiamini e Michel Meusburger<\/p>\n\n\n\n<p>287 Bloco Carnavalesco<\/p>\n\n\n\n<p>288 Paula Russo e Tatiana Moya<\/p>\n\n\n\n<p>289&nbsp;&nbsp;Paula Russo e Pedro Paulo Gon\u00e7alves<\/p>\n\n\n\n<p>290 Escola de Samba Brascub\u00e3o<\/p>\n","protected":false},"excerpt":{"rendered":"<div class=\"mh-excerpt\"><p>Foli\u00f5es se superaram na criatividade e alegria no Baile Abre Alas, nas matin\u00eas e na micareta<\/p>\n<\/div>","protected":false},"author":1,"featured_media":155,"comment_status":"open","ping_status":"open","sticky":false,"template":"","format":"standard","meta":{"footnotes":""},"categories":[3],"tags":[25,21],"class_list":["post-154","post","type-post","status-publish","format-standard","has-post-thumbnail","hentry","category-cidades","tag-capa","tag-carnaval"],"_links":{"self":[{"href":"https:\/\/novosaopaulo.com.br\/index.php\/wp-json\/wp\/v2\/posts\/154"}],"collection":[{"href":"https:\/\/novosaopaulo.com.br\/index.php\/wp-json\/wp\/v2\/posts"}],"about":[{"href":"https:\/\/novosaopaulo.com.br\/index.php\/wp-json\/wp\/v2\/types\/post"}],"author":[{"embeddable":true,"href":"https:\/\/novosaopaulo.com.br\/index.php\/wp-json\/wp\/v2\/users\/1"}],"replies":[{"embeddable":true,"href":"https:\/\/novosaopaulo.com.br\/index.php\/wp-json\/wp\/v2\/comments?post=154"}],"version-history":[{"count":1,"href":"https:\/\/novosaopaulo.com.br\/index.php\/wp-json\/wp\/v2\/posts\/154\/revisions"}],"predecessor-version":[{"id":156,"href":"https:\/\/novosaopaulo.com.br\/index.php\/wp-json\/wp\/v2\/posts\/154\/revisions\/156"}],"wp:featuredmedia":[{"embeddable":true,"href":"https:\/\/novosaopaulo.com.br\/index.php\/wp-json\/wp\/v2\/media\/155"}],"wp:attachment":[{"href":"https:\/\/novosaopaulo.com.br\/index.php\/wp-json\/wp\/v2\/media?parent=154"}],"wp:term":[{"taxonomy":"category","embeddable":true,"href":"https:\/\/novosaopaulo.com.br\/index.php\/wp-json\/wp\/v2\/categories?post=154"},{"taxonomy":"post_tag","embeddable":true,"href":"https:\/\/novosaopaulo.com.br\/index.php\/wp-json\/wp\/v2\/tags?post=154"}],"curies":[{"name":"wp","href":"https:\/\/api.w.org\/{rel}","templated":true}]}}