{"id":1519,"date":"2020-06-25T23:02:31","date_gmt":"2020-06-26T02:02:31","guid":{"rendered":"http:\/\/novosaopaulo.com.br\/?p=1519"},"modified":"2020-06-25T23:02:31","modified_gmt":"2020-06-26T02:02:31","slug":"fim-de-semana-com-live-e-palestras-para-a-juventude-na-cancao-nova","status":"publish","type":"post","link":"https:\/\/novosaopaulo.com.br\/index.php\/2020\/06\/25\/fim-de-semana-com-live-e-palestras-para-a-juventude-na-cancao-nova\/","title":{"rendered":"Fim de semana com live e palestras para a juventude na Can\u00e7\u00e3o Nova"},"content":{"rendered":"\n<p>Neste s\u00e1bado (27\/06) e domingo (28\/06), a Can\u00e7\u00e3o Nova, em Cachoeira Paulista (SP) ter\u00e1 uma programa\u00e7\u00e3o voltada aos jovens, com palestras, missas e live. Sem a presen\u00e7a de p\u00fablico, o \u201cAcampamento Jovem: levanta-te!\u201d ser\u00e1 transmitido pelo Sistema Can\u00e7\u00e3o Nova de Comunica\u00e7\u00e3o (TV, r\u00e1dio e internet).<\/p>\n\n\n\n<p>O evento ter\u00e1 a participa\u00e7\u00e3o dos padres e mission\u00e1rios da comunidade: Roger Luis, Edmilson Lopes, Charles J\u00e1der Gon\u00e7alves da Silva e Elenildo da Silva Pereira, e do di\u00e1cono M\u00e1rcio Leandro Fernandes de Ara\u00fajo.<\/p>\n\n\n\n<p>Com apresenta\u00e7\u00f5es art\u00edsticas, lan\u00e7amentos e muita ora\u00e7\u00e3o, a live acontece \u00e0s 21h do s\u00e1bado e promete levar a juventude a uma experi\u00eancia profunda com Deus, a partir do carisma Can\u00e7\u00e3o Nova. Para animar a transmiss\u00e3o, presen\u00e7a dos cantores Pitter Di Laura, Thiago Tom\u00e9, Emanuel St\u00eanio, Ana L\u00facia e Minist\u00e9rio Amor e Adora\u00e7\u00e3o<\/p>\n","protected":false},"excerpt":{"rendered":"<div class=\"mh-excerpt\"><p>Neste s\u00e1bado (27\/06) e domingo (28\/06), a Can\u00e7\u00e3o Nova, em Cachoeira Paulista (SP) ter\u00e1 uma programa\u00e7\u00e3o voltada aos jovens, com palestras, missas e live. Sem <a class=\"mh-excerpt-more\" href=\"https:\/\/novosaopaulo.com.br\/index.php\/2020\/06\/25\/fim-de-semana-com-live-e-palestras-para-a-juventude-na-cancao-nova\/\" title=\"Fim de semana com live e palestras para a juventude na Can\u00e7\u00e3o Nova\">[&#8230;]<\/a><\/p>\n<\/div>","protected":false},"author":1,"featured_media":1520,"comment_status":"open","ping_status":"open","sticky":false,"template":"","format":"standard","meta":{"footnotes":""},"categories":[2],"tags":[96],"class_list":["post-1519","post","type-post","status-publish","format-standard","has-post-thumbnail","hentry","category-geral","tag-cancao-nova"],"_links":{"self":[{"href":"https:\/\/novosaopaulo.com.br\/index.php\/wp-json\/wp\/v2\/posts\/1519"}],"collection":[{"href":"https:\/\/novosaopaulo.com.br\/index.php\/wp-json\/wp\/v2\/posts"}],"about":[{"href":"https:\/\/novosaopaulo.com.br\/index.php\/wp-json\/wp\/v2\/types\/post"}],"author":[{"embeddable":true,"href":"https:\/\/novosaopaulo.com.br\/index.php\/wp-json\/wp\/v2\/users\/1"}],"replies":[{"embeddable":true,"href":"https:\/\/novosaopaulo.com.br\/index.php\/wp-json\/wp\/v2\/comments?post=1519"}],"version-history":[{"count":1,"href":"https:\/\/novosaopaulo.com.br\/index.php\/wp-json\/wp\/v2\/posts\/1519\/revisions"}],"predecessor-version":[{"id":1521,"href":"https:\/\/novosaopaulo.com.br\/index.php\/wp-json\/wp\/v2\/posts\/1519\/revisions\/1521"}],"wp:featuredmedia":[{"embeddable":true,"href":"https:\/\/novosaopaulo.com.br\/index.php\/wp-json\/wp\/v2\/media\/1520"}],"wp:attachment":[{"href":"https:\/\/novosaopaulo.com.br\/index.php\/wp-json\/wp\/v2\/media?parent=1519"}],"wp:term":[{"taxonomy":"category","embeddable":true,"href":"https:\/\/novosaopaulo.com.br\/index.php\/wp-json\/wp\/v2\/categories?post=1519"},{"taxonomy":"post_tag","embeddable":true,"href":"https:\/\/novosaopaulo.com.br\/index.php\/wp-json\/wp\/v2\/tags?post=1519"}],"curies":[{"name":"wp","href":"https:\/\/api.w.org\/{rel}","templated":true}]}}