{"id":1392,"date":"2020-05-21T00:13:45","date_gmt":"2020-05-21T03:13:45","guid":{"rendered":"http:\/\/novosaopaulo.com.br\/?p=1392"},"modified":"2020-05-21T00:13:45","modified_gmt":"2020-05-21T03:13:45","slug":"festa-do-divino-comeca-nesta-quinta-feira-21-com-transmissao-online","status":"publish","type":"post","link":"https:\/\/novosaopaulo.com.br\/index.php\/2020\/05\/21\/festa-do-divino-comeca-nesta-quinta-feira-21-com-transmissao-online\/","title":{"rendered":"Festa do Divino come\u00e7a nesta quinta-feira (21) com transmiss\u00e3o online"},"content":{"rendered":"\n<p>A Festa do Divino 2020 tamb\u00e9m teve de se adaptar a este momento de pandemia, que pede isolamento social, e come\u00e7a nesta quinta-feira (21\/5), com uma programa\u00e7\u00e3o transmitida pela Internet, algo in\u00e9dito em 407 anos de louvor ao Esp\u00edrito Santo. A festividade n\u00e3o ter\u00e1 a presen\u00e7a dos devotos de forma presencial, mas todos j\u00e1 se programam para acompanhar a abertura da festa, as missas da novena, tr\u00eas alvoradas e a missa de Pentecostes pelas redes sociais da Festa do Divino e das par\u00f3quias onde ser\u00e3o celebradas as missas da novena preparat\u00f3ria para o Dia de Pentecostes (31\/5). A medida adotada pelos festeiros e capit\u00e3es de mastro, Mauro de Assis Margarido e C\u00edcera Alecxandra de Oliveira Margarido e Maurimar e Roberta Fadoni Batalha, respectivamente, tem como proposta evitar a aglomera\u00e7\u00e3o de fi\u00e9is. Portanto, em nenhum momento ser\u00e1 permitida a presen\u00e7a dos devotos e a Guarda Municipal ir\u00e1 acompanhar os percursos que ser\u00e3o feitos de carro pela cidade.<\/p>\n\n\n\n<p>\u201cPentecostes \u00e9 uma data muito importante do calend\u00e1rio da Igreja, n\u00e3o podemos deixar de nos preparar para esta data. Pentecostes acontecer\u00e1 com ou sem a tradicional quermesse da Festa do Divino Esp\u00edrito Santo da nossa cidade, ela acontecer\u00e1 no nosso cora\u00e7\u00e3o. Pensando em todos os devotos, no momento t\u00e3o dif\u00edcil que estamos enfrentando e da necessidade de estarmos em ora\u00e7\u00e3o pelo mundo inteiro, decidimos, da maneira que o momento nos permite, levar alguns momentos da festa para o nosso povo. Todas as nossas a\u00e7\u00f5es ser\u00e3o feitas com os cuidados que o momento pede, conforme orienta\u00e7\u00e3o das autoridades sanit\u00e1rias, no combate ao novo coronav\u00edrus (Covid-19)\u201d, destaca a festeira C\u00edcera Alecxandra.<\/p>\n\n\n\n<p>A abertura da festa ser\u00e1 restrita aos festeiros e capit\u00e3es de mastro, que ir\u00e3o percorrer alguns bairros da Cidade, de carro, para a passagem das bandeiras de 2019. Como os dois casais v\u00e3o permanecer \u00e0 frente da festividade no pr\u00f3ximo ano, a Bandeira de 2020 n\u00e3o ser\u00e1 apresentada. Bem diferente de anos anteriores quando os devotos se reuniam na casa dos festeiros para conferir de perto a apresenta\u00e7\u00e3o das Bandeiras, ao som dos grupos de Congada, e depois se deslocavam para a Prefeitura de Mogi e de l\u00e1 seguir em cortejo at\u00e9 a Pra\u00e7a Coronel Almeida, para a abertura do Imp\u00e9rio, outro momento muito aguardado, que ficar\u00e1 para o ano que vem.<\/p>\n\n\n\n<p>Neste ano, como as missas da novena preparat\u00f3ria ser\u00e3o celebradas em par\u00f3quias diferentes, e n\u00e3o somente na Catedral de Sant\u00b4Ana, a Festa do Divino vai ganhar subimp\u00e9rios tamb\u00e9m nas igrejas dos padres celebrantes. As missas come\u00e7am na sexta-feira (22\/5), com Dom Pedro Luiz Stringhini, na Catedral de Sant\u00b4Ana, e prosseguem at\u00e9 o dia 30 de maio (confira quadro com a programa\u00e7\u00e3o), sempre a partir das 19h30. O encerramento da festividade ser\u00e1 no domingo, 31 de maio, \u00e0s 17 horas, Dia de Pentecostes. As missas ter\u00e3o a transmiss\u00e3o online e poder\u00e3o ser acompanhadas por meio das redes sociais da Festa do Divino (<a href=\"https:\/\/www.facebook.com\/festadodivinodemogidascruzes\" target=\"_blank\" rel=\"noreferrer noopener\">https:\/\/www.facebook.com\/festadodivinodemogidascruzes<\/a>)&nbsp;e das par\u00f3quias.<\/p>\n\n\n\n<p>Outra adapta\u00e7\u00e3o \u00e9 o Afogado da Caridade, criado para simbolizar o Afogado do Povo. \u201cFaremos a partilha de alimentos e de algumas marmitex de afogado, esse que \u00e9 o prato t\u00edpico da nossa grandiosa festa, para os irm\u00e3os em situa\u00e7\u00e3o de rua que est\u00e3o nas casas de acolhimento. Como todo mundo n\u00f3s tamb\u00e9m tivemos de nos \u2018reinventar\u2019, palavra t\u00e3o usada neste tempo de pandemia. N\u00e3o foi f\u00e1cil, est\u00e1vamos com muita coisa pronta, quase tudo!<\/p>\n\n\n\n<p>Mas, desanimar n\u00e3o faz parte do nosso trabalho, porque somos mordomos do Esp\u00edrito Santo, estamos a servi\u00e7o Dele. Ent\u00e3o, com criatividade e amparo de muitos, vamos fazer o que pudermos para trazer a nossa t\u00e3o querida cidade o clima e a energia dessa linda festa que completa 407 anos\u201d, diz a festeira.<\/p>\n\n\n\n<p>Neste ano, a Alvorada n\u00e3o ser\u00e1 uma novena, mas sim um tr\u00edduo. Ser\u00e3o realizadas tr\u00eas Alvoradas (sem a presen\u00e7a dos devotos), a partir das 5 horas, nos dias 23, 25 e 31 de maio. Haver\u00e1 a transmiss\u00e3o online pelo Facebook da Festa do Divino (<a href=\"https:\/\/www.facebook.com\/festadodivinodemogidascruzes\" target=\"_blank\" rel=\"noreferrer noopener\">https:\/\/www.facebook.com\/festadodivinodemogidascruzes<\/a>) e da rede social da par\u00f3quia.<em>\u201cDivino Esp\u00edrito Santo, fortalecei-nos na caridade e conduzi-nos \u00e0 santidade\u201d.<\/em><strong>Quadro&nbsp;<\/strong><\/p>\n\n\n\n<p>Programa\u00e7\u00e3o<\/p>\n\n\n\n<p><strong>21\/5 \u2013 Abertura da Festa do Divino 2020<\/strong><\/p>\n\n\n\n<p>15 horas \u2013 Sa\u00edda da resid\u00eancia dos festeiros Mauro de Assis Margarido e C\u00edcera Alecxandra de Oliveira Margarido. Acompanhados dos capit\u00e3es de mastro, Maurimar e Roberta Fadoni Batalha, eles ir\u00e3o percorrer de carro por algumas ruas da Cidade, levando a Bandeira do Divino (2019).<\/p>\n\n\n\n<p>De 22\/5 a 30\/5 \u2013 As Santas Missas ser\u00e3o realizadas a partir das 19h30, na par\u00f3quia de cada padre celebrante, sem a presen\u00e7a de devotos. Haver\u00e1 a transmiss\u00e3o online pelo Facebook da Festa do Divino (<a href=\"https:\/\/www.facebook.com\/festadodivinodemogidascruzes\" target=\"_blank\" rel=\"noreferrer noopener\">https:\/\/www.facebook.com\/festadodivinodemogidascruzes<\/a>) e da rede social da par\u00f3quia.<\/p>\n\n\n\n<p><strong>22\/5 \u2013 Sexta-feira<\/strong><\/p>\n\n\n\n<p>19h30 \u2013 Santa Missa na Catedral de Sant\u00b4Ana: Dom Pedro Luiz Stringhini, bispo da Diocese de Mogi das Cruzes<br><br><strong>23\/5 \u2013 S\u00e1bado<\/strong><\/p>\n\n\n\n<p>5h00 \u2013 Alvorada \u2013 LIVE<\/p>\n\n\n\n<p>19h30 \u2013 Santa Missa no Santu\u00e1rio Diocesano do Senhor Bom Jesus (Igreja de S\u00e3o Benedito): Pe. Marcos Sullivan<\/p>\n\n\n\n<p><strong>24\/5 \u2013 Domingo<\/strong><\/p>\n\n\n\n<p>19h30 \u2013 Santa Missa na Igreja Nossa Senhora do Ros\u00e1rio (Vila Industrial): Pe. Jo\u00e3o Paulo Silva<\/p>\n\n\n\n<p><strong>25\/5 \u2013 Segunda-feira<\/strong><\/p>\n\n\n\n<p>5h00 \u2013 Alvorada &#8211; LIVE &nbsp;<\/p>\n\n\n\n<p>19h30 \u2013 Santa Missa na Catedral de Sant\u00b4Ana: Pe. Cl\u00e1udio Ant\u00f4nio Delfino<br><br><strong>26\/5 \u2013 Ter\u00e7a-feira<\/strong><\/p>\n\n\n\n<p>19h30 \u2013 Santa Missa na Igreja Nossa Senhora do Carmo (Saba\u00fana):<\/p>\n\n\n\n<p>Pe. Jonatas Pereira Diniz<\/p>\n\n\n\n<p><strong>27\/5 \u2013 Quarta-feira<\/strong><\/p>\n\n\n\n<p>19h30 \u2013 Santa Missa na&nbsp;Capela S\u00e3o Jo\u00e3o XXIII da C\u00faria Diocesana: Pe.&nbsp; Diogo Shishito, diretor espiritual da Festa do Divino Esp\u00edrito<\/p>\n\n\n\n<p>Santo de Mogi das Cruzes<\/p>\n\n\n\n<p><strong>28\/5 \u2013 Quinta-feira<\/strong><\/p>\n\n\n\n<p>19h30 \u2013 Santa Missa na Par\u00f3quia Nossa Senhora de F\u00e1tima (Vila Jundia\u00ed): Mons. Ant\u00f4nio Robson Gon\u00e7alves<\/p>\n\n\n\n<p><strong>29\/5 \u2013 Sexta-feira<\/strong><\/p>\n\n\n\n<p>19h30 \u2013 Santa Missa na Par\u00f3quia Cristo Rei (Vila Oliveira): Pe. Ant\u00f4nio Carlos Cuba Fernandes<\/p>\n\n\n\n<p><strong>30\/5 \u2013 S\u00e1bado<\/strong><\/p>\n\n\n\n<p>* Entrega do Afogado da Caridade aos irm\u00e3os em situa\u00e7\u00e3o de rua que est\u00e3o nas casas de acolhimento<\/p>\n\n\n\n<p>19h30 \u2013 Santa Missa no Santu\u00e1rio Sagrado Cora\u00e7\u00e3o de Jesus:<\/p>\n\n\n\n<p>Pe.&nbsp; Dorival Aparecido de Moraes<\/p>\n\n\n\n<p><strong>31\/5 \u2013 Domingo<\/strong><\/p>\n\n\n\n<p>5h00 \u2013 Alvorada \u2013 LIVE<\/p>\n\n\n\n<p>16h00 \u2013 Prociss\u00e3o de Pentecostes (percurso feito de carro por algumas vias da Cidade)<br>17h00 \u2013 Festa de Pentecostes, encerramento celebrado pelo bispo diocesano Dom Pedro Luiz Stringhini. Sem a presen\u00e7a de devotos \u2013 LIVE<\/p>\n\n\n\n<p>**********************************<br><\/p>\n\n\n\n<p><strong>ATEN\u00c7\u00c3O<\/strong><\/p>\n\n\n\n<p>*&nbsp;Em nenhuma dessas a\u00e7\u00f5es haver\u00e1 a presen\u00e7a de p\u00fablico.<\/p>\n\n\n\n<p>* Os trajetos que ser\u00e3o feitos de carro ter\u00e3o o acompanhamento da Guarda Municipal de Mogi das Cruzes. N\u00e3o ser\u00e1 permitida a presen\u00e7a de devotos.<\/p>\n\n\n\n<p>*&nbsp;As missas da novena ter\u00e3o a transmiss\u00e3o online pelas redes sociais da Festa do Divino Esp\u00edrito Santo e das par\u00f3quias onde elas ser\u00e3o celebradas.<\/p>\n\n\n\n<p><strong>FIQUE EM CASA<\/strong><\/p>\n\n\n\n<p>Fique por dentro da Festa do Divino<\/p>\n\n\n\n<figure class=\"wp-block-embed\"><div class=\"wp-block-embed__wrapper\">\nhttp:\/\/festadodivino.org.br\/\n<\/div><\/figure>\n\n\n\n<figure class=\"wp-block-embed-facebook wp-block-embed\"><div class=\"wp-block-embed__wrapper\">\nhttps:\/\/www.facebook.com\/festadodivinodemogidascruzes\n<\/div><\/figure>\n\n\n\n<p>@divinomogi<\/p>\n\n\n\n<p><a href=\"mailto:faleconosco@festadodivino.org.br\" target=\"_blank\" rel=\"noreferrer noopener\">faleconosco@festadodivino.org.br<\/a><\/p>\n","protected":false},"excerpt":{"rendered":"<div class=\"mh-excerpt\"><p>A Festa do Divino 2020 tamb\u00e9m teve de se adaptar a este momento de pandemia<\/p>\n<\/div>","protected":false},"author":1,"featured_media":1393,"comment_status":"open","ping_status":"open","sticky":false,"template":"","format":"standard","meta":{"footnotes":""},"categories":[3,6],"tags":[37,47],"class_list":["post-1392","post","type-post","status-publish","format-standard","has-post-thumbnail","hentry","category-cidades","category-cultura","tag-coronavirus","tag-festa-do-divino"],"_links":{"self":[{"href":"https:\/\/novosaopaulo.com.br\/index.php\/wp-json\/wp\/v2\/posts\/1392"}],"collection":[{"href":"https:\/\/novosaopaulo.com.br\/index.php\/wp-json\/wp\/v2\/posts"}],"about":[{"href":"https:\/\/novosaopaulo.com.br\/index.php\/wp-json\/wp\/v2\/types\/post"}],"author":[{"embeddable":true,"href":"https:\/\/novosaopaulo.com.br\/index.php\/wp-json\/wp\/v2\/users\/1"}],"replies":[{"embeddable":true,"href":"https:\/\/novosaopaulo.com.br\/index.php\/wp-json\/wp\/v2\/comments?post=1392"}],"version-history":[{"count":1,"href":"https:\/\/novosaopaulo.com.br\/index.php\/wp-json\/wp\/v2\/posts\/1392\/revisions"}],"predecessor-version":[{"id":1394,"href":"https:\/\/novosaopaulo.com.br\/index.php\/wp-json\/wp\/v2\/posts\/1392\/revisions\/1394"}],"wp:featuredmedia":[{"embeddable":true,"href":"https:\/\/novosaopaulo.com.br\/index.php\/wp-json\/wp\/v2\/media\/1393"}],"wp:attachment":[{"href":"https:\/\/novosaopaulo.com.br\/index.php\/wp-json\/wp\/v2\/media?parent=1392"}],"wp:term":[{"taxonomy":"category","embeddable":true,"href":"https:\/\/novosaopaulo.com.br\/index.php\/wp-json\/wp\/v2\/categories?post=1392"},{"taxonomy":"post_tag","embeddable":true,"href":"https:\/\/novosaopaulo.com.br\/index.php\/wp-json\/wp\/v2\/tags?post=1392"}],"curies":[{"name":"wp","href":"https:\/\/api.w.org\/{rel}","templated":true}]}}