{"id":1389,"date":"2020-05-20T15:10:04","date_gmt":"2020-05-20T18:10:04","guid":{"rendered":"http:\/\/novosaopaulo.com.br\/?p=1389"},"modified":"2020-05-20T15:10:04","modified_gmt":"2020-05-20T18:10:04","slug":"com-o-apoio-do-jornal-novo-sao-paulo-movimento-da-sociedade-civil-cobra-respeito-e-abertura-do-hospital-estadual-em-suzano","status":"publish","type":"post","link":"https:\/\/novosaopaulo.com.br\/index.php\/2020\/05\/20\/com-o-apoio-do-jornal-novo-sao-paulo-movimento-da-sociedade-civil-cobra-respeito-e-abertura-do-hospital-estadual-em-suzano\/","title":{"rendered":"Com o apoio do Jornal Novo S\u00e3o Paulo, movimento da sociedade civil cobra respeito e abertura do Hospital Estadual em Suzano"},"content":{"rendered":"\n<p>Lideran\u00e7as e volunt\u00e1rios do Movimento Desenvolve Suzano e Alto Tiet\u00ea promoveram na tarde desta ter\u00e7a-feira, dia 19, uma manifesta\u00e7\u00e3o diante do Hospital Auxiliar das Cl\u00ednicas de Suzano para cobrar do governo estadual a abertura do Hospital Estadual de Suzano, especialmente para o atendimento de pacientes com o Covid-19. Fundado em 2019 pelo jornalista Bras Santos, o Desenvolve Suzano e o Alto Tiet\u00ea \u00e9 formado por lideran\u00e7as da sociedade civil e tem entre suas principais metas acelerar o processo de desenvolvimento econ\u00f4mico e social das cidades da regi\u00e3o do Alto Tiet\u00ea. Utilizando m\u00e1scaras e mantendo a dist\u00e2ncia cinco representantes do Movimento levaram uma faixa e diversos cartazes para a frente do Hospital das Clinicas. O Hospital Estadual foi constru\u00eddo ao lado do Hospital das Cl\u00ednicas e embora tenha sido \u2018inaugurado\u2019 em abril de 2018, at\u00e9 hoje (mais de dois ap\u00f3s a sua inaugura\u00e7\u00e3o), nenhum paciente externo foi atendido nesta unidade que, em princ\u00edpio seria um estabelecimento de sa\u00fade de portas abertas para pacientes de Suzano e todas as cidades da regi\u00e3o. O fato \u00e9 que desde o ano passado as instala\u00e7\u00f5es do Hospital Estadual est\u00e3o sendo usados para pacientes de longa perman\u00eancia que foram transferidos do Hospital das Cl\u00ednicas \u2018velho\u2019 que se encontra em reformas. Nos \u00faltimos dois anos o governo do Estado prometeu diversas vezes \u2018abrir\u2019 o Hospital Estadual de Suzano, sendo que desde mar\u00e7o deste ano a promessa \u00e9 de que 90 leitos para pacientes com Covid-19 seriam\/ser\u00e3o instalados no local. O Movimento Desenvolve Suzano e Alto Tiet\u00ea cobrou de forma pac\u00edfica, ordeira e fazer qualquer barulho que incomodasse pacientes e funcion\u00e1rios do hospital, cobrou respeito do governo do Estado. O diretor do jornal Novo S\u00e3o Paulo de Po\u00e1, A\u00e9ssio Ramos Pinto, um dos cofundadores do Movimento Desenvolve Suzano e Alto Tiet\u00ea participou da atividade e destacou a import\u00e2ncia da sociedade civil: \u201cEstamos aqui para cobrar a abertura desse hospital que vai atender pacientes de Suzano, Po\u00e1 e de outras cidades. N\u00e3o estamos contra os pol\u00edticos e nem devemos fechar os olhos para a falta de efici\u00eancia do trabalho da maior parte da classe politica que n\u00e3o conseguem, por exemplo, fazer o governo do Estado colocar esse hospital para funcionar. Nosso objetivo aqui \u00e9 mostrar a for\u00e7a da sociedade e somar for\u00e7as para resolver esse e outros problemas da nossa regi\u00e3o\u201d, afirmou A\u00e9ssio durante a manifesta\u00e7\u00e3o. O coordenador do Movimento Desenvolve Suzano e Alto Tiet\u00ea, o jornalista Bras Santos agradeceu a coragem e disponibilidade do diretor do Novo S\u00e3o Paulo de Po\u00e1 e das demais lideran\u00e7as que decidiram refor\u00e7ar a luta de todos para a abertura do Hospital Estadual de Suzano: \u201cEstamos apenas come\u00e7ando, mas tenho a convic\u00e7\u00e3o que esse trabalho volunt\u00e1rio e comprometido com o desenvolvimento das nossas cidades e de seus moradores vai render muitos frutos. Vamos em frente\u201d.<\/p>\n","protected":false},"excerpt":{"rendered":"<div class=\"mh-excerpt\"><p>Lideran\u00e7as e volunt\u00e1rios do Movimento Desenvolve Suzano e Alto Tiet\u00ea promoveram na tarde desta ter\u00e7a-feira, dia 19, uma manifesta\u00e7\u00e3o diante do Hospital Auxiliar das Cl\u00ednicas <a class=\"mh-excerpt-more\" href=\"https:\/\/novosaopaulo.com.br\/index.php\/2020\/05\/20\/com-o-apoio-do-jornal-novo-sao-paulo-movimento-da-sociedade-civil-cobra-respeito-e-abertura-do-hospital-estadual-em-suzano\/\" title=\"Com o apoio do Jornal Novo S\u00e3o Paulo, movimento da sociedade civil cobra respeito e abertura do Hospital Estadual em Suzano\">[&#8230;]<\/a><\/p>\n<\/div>","protected":false},"author":1,"featured_media":1390,"comment_status":"open","ping_status":"open","sticky":false,"template":"","format":"standard","meta":{"footnotes":""},"categories":[3],"tags":[27],"class_list":["post-1389","post","type-post","status-publish","format-standard","has-post-thumbnail","hentry","category-cidades","tag-suzano"],"_links":{"self":[{"href":"https:\/\/novosaopaulo.com.br\/index.php\/wp-json\/wp\/v2\/posts\/1389"}],"collection":[{"href":"https:\/\/novosaopaulo.com.br\/index.php\/wp-json\/wp\/v2\/posts"}],"about":[{"href":"https:\/\/novosaopaulo.com.br\/index.php\/wp-json\/wp\/v2\/types\/post"}],"author":[{"embeddable":true,"href":"https:\/\/novosaopaulo.com.br\/index.php\/wp-json\/wp\/v2\/users\/1"}],"replies":[{"embeddable":true,"href":"https:\/\/novosaopaulo.com.br\/index.php\/wp-json\/wp\/v2\/comments?post=1389"}],"version-history":[{"count":1,"href":"https:\/\/novosaopaulo.com.br\/index.php\/wp-json\/wp\/v2\/posts\/1389\/revisions"}],"predecessor-version":[{"id":1391,"href":"https:\/\/novosaopaulo.com.br\/index.php\/wp-json\/wp\/v2\/posts\/1389\/revisions\/1391"}],"wp:featuredmedia":[{"embeddable":true,"href":"https:\/\/novosaopaulo.com.br\/index.php\/wp-json\/wp\/v2\/media\/1390"}],"wp:attachment":[{"href":"https:\/\/novosaopaulo.com.br\/index.php\/wp-json\/wp\/v2\/media?parent=1389"}],"wp:term":[{"taxonomy":"category","embeddable":true,"href":"https:\/\/novosaopaulo.com.br\/index.php\/wp-json\/wp\/v2\/categories?post=1389"},{"taxonomy":"post_tag","embeddable":true,"href":"https:\/\/novosaopaulo.com.br\/index.php\/wp-json\/wp\/v2\/tags?post=1389"}],"curies":[{"name":"wp","href":"https:\/\/api.w.org\/{rel}","templated":true}]}}