{"id":1378,"date":"2020-05-19T17:00:33","date_gmt":"2020-05-19T20:00:33","guid":{"rendered":"http:\/\/novosaopaulo.com.br\/?p=1378"},"modified":"2020-05-19T17:00:33","modified_gmt":"2020-05-19T20:00:33","slug":"cidades-da-regiao-vao-antecipar-feriado-de-corpus-christi-para-essa-sexta-feira","status":"publish","type":"post","link":"https:\/\/novosaopaulo.com.br\/index.php\/2020\/05\/19\/cidades-da-regiao-vao-antecipar-feriado-de-corpus-christi-para-essa-sexta-feira\/","title":{"rendered":"Cidades da Regi\u00e3o v\u00e3o antecipar feriado de Corpus Christi para essa sexta-feira"},"content":{"rendered":"\n<p>Em reuni\u00e3o com o secret\u00e1rio estadual Marco Vinholi, prefeitos decidem por altera\u00e7\u00e3o de apenas um feriado municipal. Medida visa ampliar o isolamento social para conter o avan\u00e7o do coronav\u00edrus<\/p>\n\n\n\n<p>Por consenso, prefeitos de 11 cidades do CONDEMAT \u2013 Cons\u00f3rcio de Desenvolvimento dos Munic\u00edpios do Alto Tiet\u00ea decidiram atender parcialmente a solicita\u00e7\u00e3o do Governo do Estado e v\u00e3o antecipar para essa sexta-feira, dia 22, o feriado de Corpus Christi, originalmente em 11 de junho.<\/p>\n\n\n\n<p>A antecipa\u00e7\u00e3o do feriado de Corpus Christi para essa sexta-feira ser\u00e1 adotada pelas cidades de Aruj\u00e1, Biritiba Mirim, Ferraz de Vasconcelos, Guararema, Itaquaquecetuba, Mogi das Cruzes, Po\u00e1, Sales\u00f3polis, Santa Branca, Santa Isabel e Suzano. Guarulhos \u00e9 a \u00fanica cidade do CONDEMAT que decidiu por n\u00e3o antecipar a data.<\/p>\n\n\n\n<p>Com a quase certa antecipa\u00e7\u00e3o do feriado estadual da Revolu\u00e7\u00e3o Constitucionalista para o pr\u00f3ximo dia 25 (a Assembleia Legislativa deve votar at\u00e9 quinta-feira), a Regi\u00e3o dever\u00e1 ter quatro dias sucessivos com atividades ainda mais reduzidas, desta sexta-feira at\u00e9 segunda-feira. A expectativa \u00e9 de que a medida possibilite aumentar as taxas de isolamento social e, desta forma, diminua o cont\u00e1gio do coronav\u00edrus.<\/p>\n\n\n\n<p>\u201cOs prefeitos do CONDEMAT, ap\u00f3s avaliar os pr\u00f3s e contras e, principalmente, consultar as entidades que representam os setores produtivos, decidiram por uma proposta intermedi\u00e1ria. Atendemos a solicita\u00e7\u00e3o do Estado, pois entendemos a import\u00e2ncia de todos os esfor\u00e7os para conter a doen\u00e7a, mas tamb\u00e9m n\u00e3o esgotamos todos os feriados agora, pois eles s\u00e3o importantes mais l\u00e1 na frente para alguns setores, como o do turismo\u201d, ressalta o presidente do CONDEMAT, Adriano Leite, prefeito de Guararema.<\/p>\n\n\n\n<p>A op\u00e7\u00e3o pela antecipa\u00e7\u00e3o do feriado para essa sexta-feira acompanha outras regi\u00f5es, como a do Grande ABC, e considera tamb\u00e9m o fato de que o Governo do Estado e a Capital de S\u00e3o Paulo v\u00e3o decretar ponto facultativo neste dia.<\/p>\n\n\n\n<p>O secret\u00e1rio de Estado de Desenvolvimento Regional, Marco Vinholi, agradeceu aos prefeitos do CONDEMAT pela decis\u00e3o conjunta de antecipar um feriado municipal (o pedido inicial do Estado era para dois feriados municipais) e ressaltou a import\u00e2ncia da medida para conter o avan\u00e7o do coronav\u00edrus no Estado, em especial, na Regi\u00e3o Metropolitana.<\/p>\n\n\n\n<p>Vinholi se comprometeu, mais uma vez, com apoio das Pol\u00edcias para refor\u00e7ar a fiscaliza\u00e7\u00e3o nas cidades de Biritiba Mirim, Guararema, Sales\u00f3polis e Santa Isabel, por conta do grande fluxo de turistas que buscam esses munic\u00edpios por conta das represas e das ch\u00e1caras.<\/p>\n\n\n\n<p>Corpus Christi \u00e9 um feriado religioso municipal, adotado em todo o Pa\u00eds. Mesmo com a antecipa\u00e7\u00e3o da data, a Igreja Cat\u00f3lica dever\u00e1 manter as celebra\u00e7\u00f5es no dia 11 de junho. O bispo diocesano, Pedro Stringhini, ressaltou que est\u00e1 de acordo com a decis\u00e3o dos prefeitos, pois as celebra\u00e7\u00f5es religiosas acontecem independente de feriados.<\/p>\n\n\n\n<p>\u201cOs prefeitos est\u00e3o antecipando o feriado civil e n\u00e3o a celebra\u00e7\u00e3o religiosa\u201d, ressaltou o bispo \u00e0 presid\u00eancia do CONDEMAT.<\/p>\n","protected":false},"excerpt":{"rendered":"<div class=\"mh-excerpt\"><p>Medida visa ampliar o isolamento social para conter o avan\u00e7o do coronav\u00edrus.<\/p>\n<\/div>","protected":false},"author":1,"featured_media":1379,"comment_status":"open","ping_status":"open","sticky":false,"template":"","format":"standard","meta":{"footnotes":""},"categories":[2],"tags":[25,37,90],"class_list":["post-1378","post","type-post","status-publish","format-standard","has-post-thumbnail","hentry","category-geral","tag-capa","tag-coronavirus","tag-corpus-christi"],"_links":{"self":[{"href":"https:\/\/novosaopaulo.com.br\/index.php\/wp-json\/wp\/v2\/posts\/1378"}],"collection":[{"href":"https:\/\/novosaopaulo.com.br\/index.php\/wp-json\/wp\/v2\/posts"}],"about":[{"href":"https:\/\/novosaopaulo.com.br\/index.php\/wp-json\/wp\/v2\/types\/post"}],"author":[{"embeddable":true,"href":"https:\/\/novosaopaulo.com.br\/index.php\/wp-json\/wp\/v2\/users\/1"}],"replies":[{"embeddable":true,"href":"https:\/\/novosaopaulo.com.br\/index.php\/wp-json\/wp\/v2\/comments?post=1378"}],"version-history":[{"count":1,"href":"https:\/\/novosaopaulo.com.br\/index.php\/wp-json\/wp\/v2\/posts\/1378\/revisions"}],"predecessor-version":[{"id":1380,"href":"https:\/\/novosaopaulo.com.br\/index.php\/wp-json\/wp\/v2\/posts\/1378\/revisions\/1380"}],"wp:featuredmedia":[{"embeddable":true,"href":"https:\/\/novosaopaulo.com.br\/index.php\/wp-json\/wp\/v2\/media\/1379"}],"wp:attachment":[{"href":"https:\/\/novosaopaulo.com.br\/index.php\/wp-json\/wp\/v2\/media?parent=1378"}],"wp:term":[{"taxonomy":"category","embeddable":true,"href":"https:\/\/novosaopaulo.com.br\/index.php\/wp-json\/wp\/v2\/categories?post=1378"},{"taxonomy":"post_tag","embeddable":true,"href":"https:\/\/novosaopaulo.com.br\/index.php\/wp-json\/wp\/v2\/tags?post=1378"}],"curies":[{"name":"wp","href":"https:\/\/api.w.org\/{rel}","templated":true}]}}