{"id":1374,"date":"2020-05-18T19:24:15","date_gmt":"2020-05-18T22:24:15","guid":{"rendered":"http:\/\/novosaopaulo.com.br\/?p=1374"},"modified":"2020-05-18T19:24:15","modified_gmt":"2020-05-18T22:24:15","slug":"msa-do-brasil-promove-webinars-sobre-protecao-contra-quedas-respiratoria-facial-visual-e-deteccao-de-gases","status":"publish","type":"post","link":"https:\/\/novosaopaulo.com.br\/index.php\/2020\/05\/18\/msa-do-brasil-promove-webinars-sobre-protecao-contra-quedas-respiratoria-facial-visual-e-deteccao-de-gases\/","title":{"rendered":"MSA do Brasil promove webinars sobre prote\u00e7\u00e3o contra quedas, respirat\u00f3ria, facial, visual e detec\u00e7\u00e3o de gases"},"content":{"rendered":"\n<p><em>Ciclo de webinars inclui especial abordagem sobre m\u00e9todos, procedimentos e produtos para prote\u00e7\u00e3o respirat\u00f3ria. Professor Mauricio Torloni Filho, uma das maiores autoridades no assunto, \u00e9 um dos palestrantes.<\/em><\/p>\n\n\n\n<p>A MSA Safety tem promovido&nbsp;webinars&nbsp;gratuitos&nbsp;sobre a import\u00e2ncia da prote\u00e7\u00e3o respirat\u00f3ria, facial e visual, especialmente no contexto atual da pandemia da Covid-19. Al\u00e9m disso, eventos online&nbsp;sobre prote\u00e7\u00e3o contra quedas e detec\u00e7\u00e3o de gases fazem parte da programa\u00e7\u00e3o.<\/p>\n\n\n\n<p>A empresa, fundada em 1914 nos Estados Unidos e com unidade no Brasil desde&nbsp;1969, \u00e9 l\u00edder mundial em prote\u00e7\u00e3o e produtos de seguran\u00e7a para os trabalhadores, principalmente para aqueles que trabalham em condi\u00e7\u00f5es de risco. Com a pandemia em pleno curso, a op\u00e7\u00e3o por&nbsp;<em>webinars&nbsp;<\/em>(semin\u00e1rio&nbsp;online) foi a estrat\u00e9gia adotada para poder fornecer informa\u00e7\u00f5es e tirar d\u00favidas de profissionais de diversos segmentos.<\/p>\n\n\n\n<p>Em Abril e in\u00edcio de Maio, a MSA do Brasil promoveu 4&nbsp;webinars sobre prote\u00e7\u00e3o respirat\u00f3ria e esclareceu muitas d\u00favidas inerentes \u00e0 forma de evitar a contamina\u00e7\u00e3o pela Covid-19 no ambiente de trabalho.&nbsp;As palestras foram ministradas pelo professor Maur\u00edcio Torloni Filho, engenheiro qu\u00edmico e de seguran\u00e7a do trabalho, higienista ocupacional e uma das refer\u00eancias no Brasil em prote\u00e7\u00e3o respirat\u00f3ria e riscos qu\u00edmicos.&nbsp;<\/p>\n\n\n\n<p>As palestras tamb\u00e9m tiveram a colabora\u00e7\u00e3o de Cleiton Barbosa, gerente de produtos de prote\u00e7\u00e3o respirat\u00f3ria na MSA do Brasil, que possui no curr\u00edculo mais de 25 anos de experi\u00eancia na \u00e1rea de seguran\u00e7a do trabalho.<\/p>\n\n\n\n<p>Estes eventos contaram com a participa\u00e7\u00e3o de quase 5.000 inscritos. Na grande maioria, trabalhadores do segmento de agroneg\u00f3cio, minera\u00e7\u00e3o, siderurgia, petr\u00f3leo e bombeiros, na busca por informa\u00e7\u00f5es sobre as melhores t\u00e9cnicas e produtos para que a prote\u00e7\u00e3o de face e vias respirat\u00f3rias seja efetiva em tempos de pandemia.<\/p>\n\n\n\n<p>Francine Santos, gerente regional de marketing da MSA, diz que esses profissionais t\u00eam apresentado preocupa\u00e7\u00f5es diferentes das habituais devido o contexto de Covid-19.&nbsp;\u201cNeste caso, as d\u00favidas mais frequentes s\u00e3o a respeito de diferen\u00e7as entre as op\u00e7\u00f5es de respiradores, \u00f3culos e protetores faciais, manuseio correto e tipos de prote\u00e7\u00e3o mais adequados\u201d.&nbsp;Ela complementa que uma das perguntas mais comum sobre todos os equipamentos de prote\u00e7\u00e3o individual \u00e9: como higienizar os EPIs para evitar contamina\u00e7\u00e3o pelo novo coronav\u00edrus.<\/p>\n\n\n\n<p>Os webinars da MSA s\u00e3o totalmente gratuitos e para os profissionais que desejarem se aprofundar nos temas abordados a MSA disponibiliza treinamentos exclusivos. Inclusive, o Professor Mauricio Torloni Filho \u00e9 um dos renomados instrutores destes cursos. \u00c9 poss\u00edvel obter mais informa\u00e7\u00f5es sobre os cursos oferecidos atrav\u00e9s da p\u00e1gina do Centro de Treinamento da MSA:&nbsp;<a href=\"https:\/\/br.msasafety.com\/training\" target=\"_blank\" rel=\"noreferrer noopener\">https:\/\/br.msasafety.com\/training<\/a>&nbsp;.<\/p>\n\n\n\n<p><strong>PR\u00d3XIMOS WEBINARS&nbsp;GRATUITOS: 19 E&nbsp;26&nbsp;DE MAIO<\/strong><\/p>\n\n\n\n<p>Ainda ocorrer\u00e3o mais dois&nbsp;webinars&nbsp;gratuitosnos dias 19 e&nbsp;26&nbsp;de maio com o tema&nbsp;<em>&#8220;Prote\u00e7\u00e3o Facial e Visual: Import\u00e2ncia, Tipos de Prote\u00e7\u00e3o, Aplica\u00e7\u00f5es e Contexto COVID-19<\/em>&#8220;, com os palestrantes Eric Souza, gerente de produtos para prote\u00e7\u00e3o na MSA do Brasil, e&nbsp;dois convidados especiais:&nbsp;Lorena Reis Rodrigues, do IPT (Instituto de Pesquisas Tecnol\u00f3gicas) de S\u00e3o Paulo, \u00f3rg\u00e3o respons\u00e1vel pelos testes para a certifica\u00e7\u00e3o dos protetores faciais e \u00f3culos de seguran\u00e7a no Brasil,&nbsp;e M\u00e1rcio Bottaro, Pesquisador do IEE\/USP.&nbsp;As inscri\u00e7\u00f5es poder\u00e3o ser feitas pela internet, atrav\u00e9s das p\u00e1ginas do Linkedin e Facebook da MSA (links abaixo).<\/p>\n\n\n\n<p>Globalmente, a MSA j\u00e1 impactou mais de 20.000 pessoas via webinars. Na medida em que, muitos distribuidores e usu\u00e1rios de EPIs continuaram trabalhando remotamente no contexto da pandemia, os&nbsp;<em>webinars<\/em>&nbsp;foram uma maneira de disponibilizar informa\u00e7\u00e3o e suporte.<\/p>\n\n\n\n<p>\u201cN\u00f3s queremos que o conte\u00fado a respeito de produtos adequados, normas regulamentadoras e melhores pr\u00e1ticas para trabalhar em seguran\u00e7a, chegue at\u00e9 esses trabalhadores essenciais. Esta iniciativa \u00e9 totalmente convergente \u00e0 nossa miss\u00e3o\u201d, refor\u00e7a Francine.<\/p>\n\n\n\n<p><strong>SERVI\u00c7O<\/strong><\/p>\n\n\n\n<p><strong>Webinar<\/strong>: \u201cProte\u00e7\u00e3o Facial e Visual: Import\u00e2ncia, Tipos de Prote\u00e7\u00e3o, Aplica\u00e7\u00f5es e Contexto COVID-19\u201d<\/p>\n\n\n\n<p><strong>Palestrantes<\/strong>:&nbsp;Eric Souza: Gerente de Produtos para Prote\u00e7\u00e3o \u00e0 Cabe\u00e7a, Olhos, Face e Auditivo na MSA; Lorena Reis Rodrigues, do Laborat\u00f3rio de T\u00eaxteis T\u00e9cnicos e Produtos de Prote\u00e7\u00e3o do IPT, e&nbsp;M\u00e1rcio Bottaro, Pesquisador do IEE\/USP.<\/p>\n\n\n\n<p><strong>Datas<\/strong>: 19 e&nbsp;26&nbsp;de Maio<\/p>\n\n\n\n<p><strong>Hor\u00e1rio:&nbsp;<\/strong>14:00, Hor\u00e1rio de Bras\u00edlia<\/p>\n\n\n\n<p><strong>Eventos Gratuitos. A<\/strong><strong>companhe pr\u00f3ximos eventos e link para&nbsp;inscri\u00e7\u00f5es em:&nbsp;<\/strong><a href=\"https:\/\/nam02.safelinks.protection.outlook.com\/?url=https%3A%2F%2Fwww.linkedin.com%2Fcompany%2Fmsa-the-safety-company%2F&amp;data=02%7C01%7C%7Ceca8a4a913fb4e62831d08d7f863d839%7C071d11a83bdb44d29eb6c762e1564ba5%7C0%7C0%7C637250980027696932&amp;sdata=YVt3H%2BQPTAXjtR9ALyd3vTnuVjeZWO2dRaZSH%2FxWPZM%3D&amp;reserved=0\" target=\"_blank\" rel=\"noreferrer noopener\">https:\/\/www.linkedin.com\/company\/msa-the-safety-company\/<\/a>&nbsp; e&nbsp;<a href=\"https:\/\/nam02.safelinks.protection.outlook.com\/?url=https%3A%2F%2Fwww.facebook.com%2FMSAsafetyLARatlantic%2F&amp;data=02%7C01%7C%7Ceca8a4a913fb4e62831d08d7f863d839%7C071d11a83bdb44d29eb6c762e1564ba5%7C0%7C0%7C637250980027696932&amp;sdata=yGF4fuGl8v3jzMQMH6m98ZKFgeOOyFZjW%2FPe0laDUIU%3D&amp;reserved=0\" target=\"_blank\" rel=\"noreferrer noopener\">https:\/\/www.facebook.com\/MSAsafetyLARatlantic\/<\/a>&nbsp;&nbsp;<\/p>\n","protected":false},"excerpt":{"rendered":"<div class=\"mh-excerpt\"><p>Ciclo de webinars inclui especial abordagem sobre m\u00e9todos, procedimentos e produtos para prote\u00e7\u00e3o respirat\u00f3ria. Professor Mauricio Torloni Filho, uma das maiores autoridades no assunto, \u00e9 um dos palestrantes.<\/p>\n<\/div>","protected":false},"author":1,"featured_media":1375,"comment_status":"open","ping_status":"open","sticky":false,"template":"","format":"standard","meta":{"footnotes":""},"categories":[3],"tags":[],"class_list":["post-1374","post","type-post","status-publish","format-standard","has-post-thumbnail","hentry","category-cidades"],"_links":{"self":[{"href":"https:\/\/novosaopaulo.com.br\/index.php\/wp-json\/wp\/v2\/posts\/1374"}],"collection":[{"href":"https:\/\/novosaopaulo.com.br\/index.php\/wp-json\/wp\/v2\/posts"}],"about":[{"href":"https:\/\/novosaopaulo.com.br\/index.php\/wp-json\/wp\/v2\/types\/post"}],"author":[{"embeddable":true,"href":"https:\/\/novosaopaulo.com.br\/index.php\/wp-json\/wp\/v2\/users\/1"}],"replies":[{"embeddable":true,"href":"https:\/\/novosaopaulo.com.br\/index.php\/wp-json\/wp\/v2\/comments?post=1374"}],"version-history":[{"count":1,"href":"https:\/\/novosaopaulo.com.br\/index.php\/wp-json\/wp\/v2\/posts\/1374\/revisions"}],"predecessor-version":[{"id":1376,"href":"https:\/\/novosaopaulo.com.br\/index.php\/wp-json\/wp\/v2\/posts\/1374\/revisions\/1376"}],"wp:featuredmedia":[{"embeddable":true,"href":"https:\/\/novosaopaulo.com.br\/index.php\/wp-json\/wp\/v2\/media\/1375"}],"wp:attachment":[{"href":"https:\/\/novosaopaulo.com.br\/index.php\/wp-json\/wp\/v2\/media?parent=1374"}],"wp:term":[{"taxonomy":"category","embeddable":true,"href":"https:\/\/novosaopaulo.com.br\/index.php\/wp-json\/wp\/v2\/categories?post=1374"},{"taxonomy":"post_tag","embeddable":true,"href":"https:\/\/novosaopaulo.com.br\/index.php\/wp-json\/wp\/v2\/tags?post=1374"}],"curies":[{"name":"wp","href":"https:\/\/api.w.org\/{rel}","templated":true}]}}