{"id":1254,"date":"2020-05-01T16:30:26","date_gmt":"2020-05-01T19:30:26","guid":{"rendered":"http:\/\/novosaopaulo.com.br\/?p=1254"},"modified":"2020-05-01T16:30:26","modified_gmt":"2020-05-01T19:30:26","slug":"dois-primeiros-casos-de-covid-19-em-ferraz-ja-estao-curados-2","status":"publish","type":"post","link":"https:\/\/novosaopaulo.com.br\/index.php\/2020\/05\/01\/dois-primeiros-casos-de-covid-19-em-ferraz-ja-estao-curados-2\/","title":{"rendered":"Dois primeiros casos de Covid-19 em Ferraz j\u00e1 est\u00e3o curados"},"content":{"rendered":"\n<p>Os dois primeiros pacientes ferrazenses confirmados com coronav\u00edrus j\u00e1 est\u00e3o curados. O casal Deise de Souza Bezerra dos Santos e Cl\u00e1udio Martins dos Santos, 33 e 37 anos, tiverem os exames positivos para a Covid-19 e nesta semana tiveram o fim da doen\u00e7a oficializado. A Secretaria Municipal de Sa\u00fade acompanhou todo o processo e continua assistindo de pertos os outros 22 casos positivos contabilizados pela cidade.<\/p>\n\n\n\n<p>Deise \u00e9 auxiliar de enfermagem em uma rede privada de hospitais e no dia 28 de fevereiro teve contato com um paciente suspeito de coronav\u00edrus, que havia viajado \u00e0 It\u00e1lia. A moradora da Vila Solar come\u00e7ou a se sentir mal no dia 6 de mar\u00e7o, quando teve febre. No dia 7, procurou atendimento em um hospital de Suzano, onde fez exames, foi medicada e realizou a coleta de amostras para o exame para Covid-19. Neste dia, Deise foi mandada para casa por conta dos testes n\u00e3o terem apresentado altera\u00e7\u00f5es.<\/p>\n\n\n\n<p>Mas no dia 8, a ferrazense se sentiu mal novamente, mas desta vez procurou atendimento no hospital em que trabalha, localizado no Tatuap\u00e9. Apesar de uma falta de ar discreta, ela tamb\u00e9m foi liberada, o que j\u00e1 n\u00e3o ocorreu no dia 9, quando ela de novo procurou atendimento, mas agora em um hospital da rede privada no bairro do Para\u00edso, na capital paulista. Deise foi internada e recebeu o resultado positivo no dia 10 de mar\u00e7o. Ficou na Unidade de Terapia Intensiva (UTI) do dia 12 ao dia 30 de mar\u00e7o, entubada em estado grave. No dia 19 de mar\u00e7o, iniciou um tratamento com a cloroquina, medicamento que est\u00e1 sendo testado em todo o mundo como potencial combatente ao v\u00edrus. Com o passar dos dias e a evolu\u00e7\u00e3o do quadro, no dia 1\u00ba de abril foi para o quarto e no dia 7 teve alta.<\/p>\n\n\n\n<p>Por conta do contato pr\u00f3ximo, o marido de Deise, Cl\u00e1udio dos Santos, tamb\u00e9m testou positivo para o novo coronav\u00edrus e ficou em isolamento domiciliar durante 14 dias, mas apresentando apenas sintomas sutis. Ele foi confirmado com a doen\u00e7a no dia 14 de mar\u00e7o e liberado do isolamento domiciliar no dia 24.<\/p>\n\n\n\n<p>\u201cFoi uma luta, muito dif\u00edcil. Os m\u00e9dicos tinham desacreditado minha esposa. Depois que tamb\u00e9m fui confirmado com a doen\u00e7a, n\u00e3o podia mais acompanhar ela no hospital. Mas gra\u00e7as a Deus, recebemos um milagre e tivemos todo o apoio n\u00e3o s\u00f3 dos hospitais pelos quais passamos, mas tamb\u00e9m da Secretaria Municipal de Sa\u00fade, que nos ajudou a passar por esta fase\u201d, afirmou Cl\u00e1udio dos Santos, sobre as dificuldades e o apoio que teve durante o per\u00edodo.<\/p>\n\n\n\n<p>O titular da Sa\u00fade ferrazense, Alo\u00edsio Lopes Priuli, destacou o acompanhamento do casal por parte da Vigil\u00e2ncia Epidemiol\u00f3gica e ressaltou que o mesmo ocorre com os outros casos positivos e suspeitos na cidade. \u201cForam os dois primeiros casos em Ferraz, por isso era imprescind\u00edvel que n\u00f3s acompanh\u00e1ssemos tudo de perto. A nossa felicidade pela cura do casal \u00e9 enorme e esperamos mais not\u00edcias dessas na cidade. Sobre os outros casos positivos e suspeitos, estamos acompanhando todos da mesma forma. E continuamos pedindo para que a popula\u00e7\u00e3o fique em casa, se puder\u201d, disse Priuli.<\/p>\n\n\n\n<p>O prefeito Jos\u00e9 Carlos Fernandes Chacon, o Z\u00e9 Biruta, afirmou que a municipalidade continuar\u00e1 promovendo as a\u00e7\u00f5es que forem necess\u00e1rias para que mais pessoas sejam curadas e o v\u00edrus menos disseminado. \u201cJ\u00e1 tomamos muitas decis\u00f5es no sentido de proteger a popula\u00e7\u00e3o do cont\u00e1gio pelo Covid-19 e continuaremos fazendo o que for preciso. Fico muito feliz pela Deise e pelo Cl\u00e1udio. Vamos conseguir passar por mais esta luta\u201d, falou Z\u00e9 Biruta.<\/p>\n\n\n\n<p><strong>TEXTO:<\/strong>&nbsp;Leticia Riente &#8211; MTB: 87999 \/ SP<strong>F<\/strong><strong>OTOS:<\/strong>Divulga\u00e7\u00e3o \/Aur\u00e9lio Alves &#8211; MTB: 85280 \/ DeCom Ferraz<\/p>\n","protected":false},"excerpt":{"rendered":"<div class=\"mh-excerpt\"><p>Os dois primeiros pacientes ferrazenses confirmados com coronav\u00edrus j\u00e1 est\u00e3o curados.<\/p>\n<\/div>","protected":false},"author":1,"featured_media":1256,"comment_status":"open","ping_status":"open","sticky":false,"template":"","format":"standard","meta":{"footnotes":""},"categories":[2],"tags":[37],"class_list":["post-1254","post","type-post","status-publish","format-standard","has-post-thumbnail","hentry","category-geral","tag-coronavirus"],"_links":{"self":[{"href":"https:\/\/novosaopaulo.com.br\/index.php\/wp-json\/wp\/v2\/posts\/1254"}],"collection":[{"href":"https:\/\/novosaopaulo.com.br\/index.php\/wp-json\/wp\/v2\/posts"}],"about":[{"href":"https:\/\/novosaopaulo.com.br\/index.php\/wp-json\/wp\/v2\/types\/post"}],"author":[{"embeddable":true,"href":"https:\/\/novosaopaulo.com.br\/index.php\/wp-json\/wp\/v2\/users\/1"}],"replies":[{"embeddable":true,"href":"https:\/\/novosaopaulo.com.br\/index.php\/wp-json\/wp\/v2\/comments?post=1254"}],"version-history":[{"count":1,"href":"https:\/\/novosaopaulo.com.br\/index.php\/wp-json\/wp\/v2\/posts\/1254\/revisions"}],"predecessor-version":[{"id":1257,"href":"https:\/\/novosaopaulo.com.br\/index.php\/wp-json\/wp\/v2\/posts\/1254\/revisions\/1257"}],"wp:featuredmedia":[{"embeddable":true,"href":"https:\/\/novosaopaulo.com.br\/index.php\/wp-json\/wp\/v2\/media\/1256"}],"wp:attachment":[{"href":"https:\/\/novosaopaulo.com.br\/index.php\/wp-json\/wp\/v2\/media?parent=1254"}],"wp:term":[{"taxonomy":"category","embeddable":true,"href":"https:\/\/novosaopaulo.com.br\/index.php\/wp-json\/wp\/v2\/categories?post=1254"},{"taxonomy":"post_tag","embeddable":true,"href":"https:\/\/novosaopaulo.com.br\/index.php\/wp-json\/wp\/v2\/tags?post=1254"}],"curies":[{"name":"wp","href":"https:\/\/api.w.org\/{rel}","templated":true}]}}