{"id":1051,"date":"2020-04-24T00:41:16","date_gmt":"2020-04-24T03:41:16","guid":{"rendered":"http:\/\/novosaopaulo.com.br\/?p=1051"},"modified":"2020-04-24T00:41:16","modified_gmt":"2020-04-24T03:41:16","slug":"falta-de-acessibilidade-dificulta-ingresso-de-surdos-no-ensino-superior","status":"publish","type":"post","link":"https:\/\/novosaopaulo.com.br\/index.php\/2020\/04\/24\/falta-de-acessibilidade-dificulta-ingresso-de-surdos-no-ensino-superior\/","title":{"rendered":"Falta de acessibilidade dificulta ingresso de surdos no ensino superior"},"content":{"rendered":"\n<p><em>Brasil tem aproximadamente 10 milh\u00f5es de surdos<\/em><\/p>\n\n\n\n<p>Nesta semana, comemoram-se o Dia Nacional da Educa\u00e7\u00e3o de Surdos (23\/04) e o Dia Nacional da Libras \u2014 L\u00edngua Brasileira de Sinais (24\/04), a l\u00edngua oficial dos surdos no Brasil. As datas relembram a import\u00e2ncia de dar aten\u00e7\u00e3o \u00e0s dificuldades e barreiras enfrentadas por essas pessoas. De acordo com dados de 2010 do Instituto Brasileiro de Geografia e Estat\u00edstica (IBGE), s\u00e3o quase 10 milh\u00f5es de surdos no pa\u00eds \u2014 o equivalente a 5% da popula\u00e7\u00e3o.<\/p>\n\n\n\n<p>H\u00e1 poucos dados e pesquisas sobre o n\u00famero exato de surdos que estudam e chegam ao mercado de trabalho. Segundo a coordenadora do Servi\u00e7o de Inclus\u00e3o e Atendimento aos Alunos com Necessidades Educacionais Especiais (SIANEE) do Centro Universit\u00e1rio Internacional Uninter, Leomar Marchesini, o n\u00famero \u00e9 baixo devido \u00e0 falta de comunica\u00e7\u00e3o para alunos surdos, que usam uma l\u00edngua diferente dos demais alunos. \u2018\u2018Nem todas as institui\u00e7\u00f5es de n\u00edvel superior colocam int\u00e9rpretes de Libras em suas aulas, o que \u00e9 fundamental para os surdos\u2019\u2019.<\/p>\n\n\n\n<p>Para Leomar, a grande dificuldade na inclus\u00e3o de surdos no mercado de trabalho tamb\u00e9m \u00e9 a comunica\u00e7\u00e3o. O fato de usarem uma l\u00edngua de sinais, diferente da l\u00edngua usada por colegas e chefes, cria uma barreira que afeta seu desempenho. Segundo ela, muitas vezes, os surdos sequer compreendem claramente as expectativas de seus chefes em rela\u00e7\u00e3o ao&nbsp;<s>seu<\/s>&nbsp;trabalho. \u2018\u2018A surdez \u00e9 uma defici\u00eancia invis\u00edvel,&nbsp;<s>o<\/s>&nbsp;que faz com que muitas pessoas achem os surdos iguais a todos os demais, sem necessidades de apoio e m\u00e9todos diferenciados no trabalho e nas institui\u00e7\u00f5es de ensino. Entretanto, a inclus\u00e3o de surdos \u00e9 a que representa o maior desafio, pois existem grandes diversidades culturais e de percep\u00e7\u00e3o do mundo, que precisam ser conhecidas, respeitadas e valorizadas. Cursos de Libras nas empresas e de portugu\u00eas para surdos s\u00e3o essenciais\u2019\u2019, explica.<\/p>\n\n\n\n<p>Para alcan\u00e7ar a gradua\u00e7\u00e3o, por exemplo, eles enfrentam as condi\u00e7\u00f5es das universidades, muitas vezes desprovidas de n\u00facleos de inclus\u00e3o efetivos com a atua\u00e7\u00e3o de pessoas especializadas. De acordo com Leomar, uma institui\u00e7\u00e3o precisa estar preparada e disponibilizar tradutores, int\u00e9rpretes de Libras competentes e qualificados,&nbsp;em todas as aulas e disciplinas do curso. \u201cA Uninter \u00e9 um bom exemplo. N\u00f3s fazemos todos os ajustes necess\u00e1rios, em todos os sentidos, capacitamos os professores, respeitamos os direitos dos surdos desde o vestibular com Libras e a corre\u00e7\u00e3o de seus textos sob crit\u00e9rios diferenciados, compat\u00edveis a uma segunda l\u00edngua em aprendizagem, que para eles \u00e9 a portuguesa\u2019\u2019, complementa.<\/p>\n\n\n\n<p>Tiago Alves Carneiro Junior \u00e9 um exemplo de supera\u00e7\u00e3o dessas barreiras. No in\u00edcio de 2020, ele concluiu sua gradua\u00e7\u00e3o em Direito na Uninter e foi o primeiro surdo a conquistar o feito. \u2018\u2018Agrade\u00e7o \u00e0queles que me deram a oportunidade de realizar os meus sonhos e os sonhos de tantos outros que, muitas vezes, pensaram que n\u00e3o conseguiriam, mas que, gra\u00e7as ao SIANEE, est\u00e3o estudando, buscando um desenvolvimento intelectual e profissional apesar de suas dificuldades\u2019\u2019, relembra.<\/p>\n\n\n\n<p>O pr\u00f3ximo desafio de Junior \u00e9 o mercado de trabalho. \u2018\u2018O Direito nos oferece um leque de possibilidades de atua\u00e7\u00e3o. Eu penso em me especializar, seguir carreira jur\u00eddica para ser um juiz, quem sabe um ministro do Supremo Tribunal Federal, mesmo sabendo que isso n\u00e3o \u00e9 f\u00e1cil\u2019\u2019, diz confiante. &nbsp;<\/p>\n\n\n\n<p><strong>Sobre o Grupo Uninter<\/strong><\/p>\n\n\n\n<p><br>O Grupo&nbsp;Uninter&nbsp;est\u00e1 entre os maiores players do segmento educacional, e \u00e9 a&nbsp;\u00fanica institui\u00e7\u00e3o de ensino a dist\u00e2ncia do Brasil recredenciada com nota&nbsp;m\u00e1xima pelo Minist\u00e9rio da Educa\u00e7\u00e3o (MEC). Al\u00e9m disso, o centro universit\u00e1rio conquistou o conceito 4 no \u00cdndice Geral de Cursos (IGC), divulgado pelo MEC.&nbsp; O resultado aliado \u00e0 nota m\u00e1xima de seu programa de educa\u00e7\u00e3o a dist\u00e2ncia&nbsp;(EAD), consolida a Uninter como a melhor institui\u00e7\u00e3o EAD no Brasil, \u00e0 frente dos outros cinco maiores grupos educacionais que atuam na modalidade.&nbsp;&nbsp;&nbsp;<\/p>\n\n\n\n<p>Sediado em Curitiba (PR), j\u00e1&nbsp;formou mais de 500 mil alunos e, hoje, tem mais de 250 mil alunos ativos nos&nbsp;mais de 200 cursos ofertados entre gradua\u00e7\u00e3o, p\u00f3s-gradua\u00e7\u00e3o, mestrado e&nbsp;extens\u00e3o, nas modalidades presencial, semipresencial e a dist\u00e2ncia. Com polos&nbsp;de apoio presencial, estrategicamente localizados em todo o territ\u00f3rio brasileiro, mant\u00e9m cinco campi no cora\u00e7\u00e3o de Curitiba. S\u00e3o 2 mil funcion\u00e1rios trabalhando&nbsp;todos os dias para transformar a educa\u00e7\u00e3o brasileira em realidade. Para saber&nbsp;mais acesse&nbsp;&nbsp;<a href=\"http:\/\/uninter.com\/\" target=\"_blank\" rel=\"noreferrer noopener\">uninter.com<\/a><\/p>\n","protected":false},"excerpt":{"rendered":"<div class=\"mh-excerpt\"><p>Brasil tem aproximadamente 10 milh\u00f5es de surdos<\/p>\n<\/div>","protected":false},"author":1,"featured_media":1052,"comment_status":"open","ping_status":"open","sticky":false,"template":"","format":"standard","meta":{"footnotes":""},"categories":[6,2],"tags":[72],"class_list":["post-1051","post","type-post","status-publish","format-standard","has-post-thumbnail","hentry","category-cultura","category-geral","tag-surdos"],"_links":{"self":[{"href":"https:\/\/novosaopaulo.com.br\/index.php\/wp-json\/wp\/v2\/posts\/1051"}],"collection":[{"href":"https:\/\/novosaopaulo.com.br\/index.php\/wp-json\/wp\/v2\/posts"}],"about":[{"href":"https:\/\/novosaopaulo.com.br\/index.php\/wp-json\/wp\/v2\/types\/post"}],"author":[{"embeddable":true,"href":"https:\/\/novosaopaulo.com.br\/index.php\/wp-json\/wp\/v2\/users\/1"}],"replies":[{"embeddable":true,"href":"https:\/\/novosaopaulo.com.br\/index.php\/wp-json\/wp\/v2\/comments?post=1051"}],"version-history":[{"count":1,"href":"https:\/\/novosaopaulo.com.br\/index.php\/wp-json\/wp\/v2\/posts\/1051\/revisions"}],"predecessor-version":[{"id":1053,"href":"https:\/\/novosaopaulo.com.br\/index.php\/wp-json\/wp\/v2\/posts\/1051\/revisions\/1053"}],"wp:featuredmedia":[{"embeddable":true,"href":"https:\/\/novosaopaulo.com.br\/index.php\/wp-json\/wp\/v2\/media\/1052"}],"wp:attachment":[{"href":"https:\/\/novosaopaulo.com.br\/index.php\/wp-json\/wp\/v2\/media?parent=1051"}],"wp:term":[{"taxonomy":"category","embeddable":true,"href":"https:\/\/novosaopaulo.com.br\/index.php\/wp-json\/wp\/v2\/categories?post=1051"},{"taxonomy":"post_tag","embeddable":true,"href":"https:\/\/novosaopaulo.com.br\/index.php\/wp-json\/wp\/v2\/tags?post=1051"}],"curies":[{"name":"wp","href":"https:\/\/api.w.org\/{rel}","templated":true}]}}