{"id":1008,"date":"2020-04-23T00:14:52","date_gmt":"2020-04-23T03:14:52","guid":{"rendered":"http:\/\/novosaopaulo.com.br\/?p=1008"},"modified":"2020-04-23T00:14:52","modified_gmt":"2020-04-23T03:14:52","slug":"ferraz-prorroga-quarentena-ate-10-de-maio","status":"publish","type":"post","link":"https:\/\/novosaopaulo.com.br\/index.php\/2020\/04\/23\/ferraz-prorroga-quarentena-ate-10-de-maio\/","title":{"rendered":"Ferraz prorroga quarentena at\u00e9 10 de maio"},"content":{"rendered":"\n<p>A Prefeitura de Ferraz de Vasconcelos prorrogou a quarentena na cidade at\u00e9 o dia 10 de maio. A decis\u00e3o foi do prefeito Jos\u00e9 Carlos Fernandes Chacon, o Z\u00e9 Biruta, por meio do decreto 6.201\/2020, seguindo tamb\u00e9m as diretrizes do governo do Estado no tocante aos procedimentos necess\u00e1rios para evitar o cont\u00e1gio do novo coronav\u00edrus.<\/p>\n\n\n\n<p>\u00c9 a segunda vez que a a\u00e7\u00e3o \u00e9 prorrogada no munic\u00edpio. Neste per\u00edodo,&nbsp;a Guarda Civil Municipal (GCM) continuar\u00e1 atenta e realizando patrulhamentos preventivos no sentido de inibir reuni\u00f5es, sejam elas de qualquer natureza, visando cumprir as recomenda\u00e7\u00f5es municipais e de \u00f3rg\u00e3os de sa\u00fade, evitando aglomera\u00e7\u00f5es.<\/p>\n\n\n\n<p>\u201cEstamos agindo com o objetivo de estar em conformidade com o Estado, gerando um for\u00e7a-tarefa no combate ao Covid-19. Prorrogamos novamente a quarentena no munic\u00edpio, esperamos que a popula\u00e7\u00e3o possa aderir ao isolamento domiciliar e tomaremos outras decis\u00f5es quando for necess\u00e1rio\u201d, afirmou o prefeito Z\u00e9 Biruta sobre a prorroga\u00e7\u00e3o da medida.&nbsp;<\/p>\n\n\n\n<p><strong>TEXTO:<\/strong>&nbsp;Leticia Riente &#8211; MTB: 87999&nbsp;<strong>F<\/strong><strong>OTOS:&nbsp;<\/strong>Julien Pereira<\/p>\n","protected":false},"excerpt":{"rendered":"<div class=\"mh-excerpt\"><p>A Prefeitura de Ferraz de Vasconcelos prorrogou a quarentena na cidade at\u00e9 o dia 10 de maio. <\/p>\n<\/div>","protected":false},"author":1,"featured_media":1009,"comment_status":"open","ping_status":"open","sticky":false,"template":"","format":"standard","meta":{"footnotes":""},"categories":[3],"tags":[37,18],"class_list":["post-1008","post","type-post","status-publish","format-standard","has-post-thumbnail","hentry","category-cidades","tag-coronavirus","tag-ferraz"],"_links":{"self":[{"href":"https:\/\/novosaopaulo.com.br\/index.php\/wp-json\/wp\/v2\/posts\/1008"}],"collection":[{"href":"https:\/\/novosaopaulo.com.br\/index.php\/wp-json\/wp\/v2\/posts"}],"about":[{"href":"https:\/\/novosaopaulo.com.br\/index.php\/wp-json\/wp\/v2\/types\/post"}],"author":[{"embeddable":true,"href":"https:\/\/novosaopaulo.com.br\/index.php\/wp-json\/wp\/v2\/users\/1"}],"replies":[{"embeddable":true,"href":"https:\/\/novosaopaulo.com.br\/index.php\/wp-json\/wp\/v2\/comments?post=1008"}],"version-history":[{"count":1,"href":"https:\/\/novosaopaulo.com.br\/index.php\/wp-json\/wp\/v2\/posts\/1008\/revisions"}],"predecessor-version":[{"id":1010,"href":"https:\/\/novosaopaulo.com.br\/index.php\/wp-json\/wp\/v2\/posts\/1008\/revisions\/1010"}],"wp:featuredmedia":[{"embeddable":true,"href":"https:\/\/novosaopaulo.com.br\/index.php\/wp-json\/wp\/v2\/media\/1009"}],"wp:attachment":[{"href":"https:\/\/novosaopaulo.com.br\/index.php\/wp-json\/wp\/v2\/media?parent=1008"}],"wp:term":[{"taxonomy":"category","embeddable":true,"href":"https:\/\/novosaopaulo.com.br\/index.php\/wp-json\/wp\/v2\/categories?post=1008"},{"taxonomy":"post_tag","embeddable":true,"href":"https:\/\/novosaopaulo.com.br\/index.php\/wp-json\/wp\/v2\/tags?post=1008"}],"curies":[{"name":"wp","href":"https:\/\/api.w.org\/{rel}","templated":true}]}}